{"id":439,"date":"2015-06-07T20:46:05","date_gmt":"2015-06-07T20:46:05","guid":{"rendered":"http:\/\/radiotaxizagreb.com\/?p=439"},"modified":"2023-11-23T17:06:37","modified_gmt":"2023-11-23T15:06:37","slug":"trznica-dolac-zagreb","status":"publish","type":"post","link":"https:\/\/taxi1717.hr\/nadogradnja\/hr\/2015\/06\/07\/trznica-dolac-zagreb\/","title":{"rendered":"Tr\u017enica Dolac \u2013 Zagreb"},"content":{"rendered":"<h1 class=\"entry-title\"><\/h1>\n<div class=\"entry-content\">\n<p style=\"text-align: justify;\">Dolac je najve\u0107a i najpoznatija zagreba\u010dka tr\u017enica. Tr\u017enica Dolac sagra\u0111ena je po\u010detkom 20. stolje\u0107a. Odlukom grada sru\u0161ene su ku\u0107e i stare gradske zidine u naselju Dolac, kako bi se 1930. godine otvorila suvremena tr\u017enica na tri eta\u017ee, kombinacija otvorene za vo\u0107e i povr\u0107e i zatvorene za meso i ribu. Lokaciju za Tr\u017enicu Dolac predlo\u017eio je arhitekt Viktor Kova\u010di\u0107. Tr\u017enica Dolac prozvana je i \u201czagreba\u010dkim trbuhom\u201d. Trg bana Josipa Jela\u010di\u0107a i tr\u017enicu Dolac povezuje ulica Splavnica na kojoj se prodaje cvije\u0107e. Tu je i nekoliko ugostiteljskih objekata. Tr\u017enica Dolac jedna je od nezaobilaznih turisti\u010dkih atrakcija Zagreba.<\/p>\n<\/div>\n<p>Izvor:\u00a0http:\/\/www.give-me-art.com<\/p>\n<p>&nbsp;<\/p>\n<h4 style=\"text-align: center;\">Ko\u0161ara kumice s Dolca puna uspomena i sje\u0107anja<\/h4>\n<p><a href=\"https:\/\/taxi1717.hr\/nadogradnja\/wp-content\/uploads\/2015\/06\/Kumica_Barica_Dolac_Zagreb_15012012_2.jpg\"><img loading=\"lazy\" decoding=\"async\" class=\"  wp-image-440 aligncenter\" src=\"https:\/\/taxi1717.hr\/nadogradnja\/wp-content\/uploads\/2015\/06\/Kumica_Barica_Dolac_Zagreb_15012012_2-225x300.jpg\" alt=\"Kumica_Barica_Dolac_Zagreb_15012012_2\" width=\"414\" height=\"552\" \/><\/a><\/p>\n<p>&nbsp;<\/p>\n<p style=\"text-align: justify;\">&#8220;Spomenik kumici koncipiran je kao figura kumice, seljanke u karakteristi\u010dnoj prigorskoj no\u0161nji, koja na glavi nosi ko\u0161aru s hranom na zagreba\u010dki Dolac. Tijekom stotinjak i vi\u0161e godina te su \u017eene u svojim ko\u0161arama svakodnevno nosile svje\u017eu hranu u grad i tako su s vremenom postale dio gradske memorije.<\/p>\n<p style=\"text-align: justify;\">Skulptura kumice na tr\u017enici neka bude trajan spomen na tisu\u0107e \u017eena iz \u010cu\u010derja, \u0160estina, Marku\u0161evca i Gra\u010dana, koje su, kako se govorilo, &#8216;hranile Zagrep\u010dane'&#8221;\u2026 Iako smo autor upravo otkrivenog spomenika kumici na Dolcu, poznati kipar Stjepan Gra\u010dan (poznat i po spomeniku Zagorki u Tkal\u010di) i ja, zajedno s inicijatoricom i organizatoricom te gradske akcije Brankom \u0160eparovi\u0107, na predstavljanju cijeloga projekta gradona\u010delniku Milanu Bandi\u0107u i direktoru Gradskih tr\u017enica Filipu Borcu sjedili jedan do drugoga, morat \u0107u ga u obrazlo\u017eenju njegove koncepcije ispraviti i nadopuniti.<br \/>\nNije, naime, spomenuo i kumice iz Remeta, Donjeg Bukovca i, naravno, mojeg Gornjeg Bukovca. A iz spomenute gradske memorije, \u0161to \u0107e re\u0107i kolektivne, koju spominje, za ovu prigodu izdvojio bih samo osobnu i intimnu.<\/p>\n<p style=\"text-align: justify;\">Moja grosa Jana (bakino ime naslijedila mi unuka Jana) pri\u010dala mi je kako je u mladosti, ranih tridesetih pro\u0161log stolje\u0107a, s ko\u0161arom punom kasnih bresaka kalanjki i \u0161ljiva bistrica cipelcugom s na\u0161ega Gornjeg Bukovca mar\u0161irala na novootvorenu tr\u017enicu na Dolac, jer se cijena tramvajske karte od Maksimira nije uklapala u njen kume\u010dki k\u0161eft.<\/p>\n<p style=\"text-align: justify;\">Istu pje\u0161a\u010dku turu s ko\u0161arom, poneki put punom svje\u017ee narezanih grozdova poznate bukova\u010dke bjeline i plemenke, znala bi napraviti i prije otvorenja Dolca, dok se jo\u0161 trgovalo na drvenim \u0161tandovima poslaganim na Jela\u010di\u0107evu placu pod repom Banova konja. Visoka i korpulentna, u ruba\u010di, ople\u0107u ili ko\u017eulcu, s ingli\u0161kim rupcem na glavi, ispod kojega joj je jaka, \u010dvrsta tamnosme\u0111a kosa bila glatko za\u010de\u0161ljana i namotana na kon\u010d, u debelim bijelim \u010darapama u\u0161trikanim na bobe i lakim pletenim opancima (lokalni opan\u010dar posloval je u maju\u0161noj prizemnici na po\u010detku remetskog Gospo\u010daka &#8211; danas je tu, naravno, urbana vila na tri eta\u017ee i \u0161est stanova iz kojih puca gospodski pogled na grad), sve\u010dano je mar\u0161irala, izazivaju\u0107i pozornost gradskih milostivica, a pogotovo gradskih gospodi\u010di\u0107a i kojekakvih fi\u0107firi\u0107a.<\/p>\n<p style=\"text-align: justify;\">Podsje\u0107ala je kao da je upravo iza\u0161la iz TV \u0161krinje Branke \u0160eparovi\u0107. Ili na hodaju\u0107u Smotru folklora, koju, kao gradsku manifestaciju, sama nije do\u017eivjela. Moja mama Slava nije i\u0161la trgovati na Dolac. Puno bli\u017ei joj je bil Kvaternjak. I nije ko\u0161are i korpe teglila na glavi, nego se slu\u017eila rodbinskom foringom. Imala je zakupljeno mjesto na placu, a bila je poznata po najkrupnijim paprikama, najcrvenijem paradajzu, najve\u0107im krastavcima i najzelenijoj salati prajzerici, endivljoj i matovilcu.<\/p>\n<p style=\"text-align: justify;\">Plodovima koji su bujali u na\u0161em obiteljskom vrtu, po \u017eegi natopljenom hladnom vodom iz, tada jo\u0161 kristalno \u010distog, potoka Bliznec. Mama je narodnu no\u0161nju skinula prije moga ro\u0111enja, a sina prvijenca do\u010dekala u gradskim kiklama i s trajnom ondulacijom. I vrtom koji je vi\u0161e slu\u017eio obiteljskim potrebama, a manje trgovanju. Sestra Slavica, \u017eena Verica i njihova bukova\u010dka vr\u0161njakinja Ivkica kao tek propule cure uslikale su se u unajmljenoj narodnoj no\u0161nji za vrijeme jedne marijanske svetkovine ispred remetske crkve (fotku, naravno, \u010duvamo).<\/p>\n<p style=\"text-align: justify;\">A baku Janu sam s rupcem i kon\u010dem na glavi i u fertunu sam uslikal. I to prvim svojim fotoaparatom marke &#8220;Flexsaret&#8221; (\u010de\u0161ka proizvodnja), koji sam kupil uz posudbu iz bakine u\u0161te\u0111evine. Kad je sklopila o\u010di i kad sam se opra\u0161tao od nje, bil sam ve\u0107 odrastao, ali ne dovoljno da bih znao zatomiti suze. Sje\u0107am se kako me, uz njenu smrtnu postelju, zapekla gri\u017enja savjesti koja je godinama \u010du\u010dala u meni.<\/p>\n<p style=\"text-align: justify;\">Cijelo svoje odrastanje sramio sam se \u0161to sam jednom kao malomaturant u Haramba\u0161i\u0107evoj, u trenutku kad sam je ugledao kak se s placa vra\u0107a s praznom ko\u0161arom na glavi, pobjegao na drugu stranu. Bilo me sram da me moji de\u010dki iz razreda, uglavnom gradska djeca, vide s &#8220;bakom kumicom&#8221;. Dug za fotoaparat nisam joj ni spominjal. Znam da svojim bakama, mamama, tecama, strinama i vujnama, koje su sada dobile spomenik na Dolcu, bumo ostali du\u017eni zanavek.<\/p>\n<p>Tekst: Zvonimir Mil\u010dec.<\/p>\n<p>&nbsp;<\/p>\n<p>&nbsp;<\/p>\n<p>&nbsp;<\/p>\n","protected":false},"excerpt":{"rendered":"<p>Dolac je najve\u0107a i najpoznatija zagreba\u010dka tr\u017enica. Tr\u017enica Dolac sagra\u0111ena je po\u010detkom 20. stolje\u0107a. Odlukom grada sru\u0161ene su ku\u0107e i stare gradske zidine u naselju Dolac, kako bi se 1930. godine otvorila suvremena tr\u017enica na tri eta\u017ee, kombinacija otvorene za vo\u0107e i povr\u0107e i zatvorene za meso i ribu. Lokaciju za Tr\u017enicu Dolac predlo\u017eio je [&hellip;]<\/p>\n","protected":false},"author":1,"featured_media":440,"comment_status":"open","ping_status":"open","sticky":false,"template":"","format":"standard","meta":{"_et_pb_use_builder":"","_et_pb_old_content":"","_et_gb_content_width":"","_monsterinsights_skip_tracking":false,"_monsterinsights_sitenote_active":false,"_monsterinsights_sitenote_note":"","_monsterinsights_sitenote_category":0,"footnotes":""},"categories":[14],"tags":[13],"class_list":["post-439","post","type-post","status-publish","format-standard","has-post-thumbnail","hentry","category-zagrebacke-znamenitosti","tag-trznica"],"_links":{"self":[{"href":"https:\/\/taxi1717.hr\/nadogradnja\/wp-json\/wp\/v2\/posts\/439","targetHints":{"allow":["GET"]}}],"collection":[{"href":"https:\/\/taxi1717.hr\/nadogradnja\/wp-json\/wp\/v2\/posts"}],"about":[{"href":"https:\/\/taxi1717.hr\/nadogradnja\/wp-json\/wp\/v2\/types\/post"}],"author":[{"embeddable":true,"href":"https:\/\/taxi1717.hr\/nadogradnja\/wp-json\/wp\/v2\/users\/1"}],"replies":[{"embeddable":true,"href":"https:\/\/taxi1717.hr\/nadogradnja\/wp-json\/wp\/v2\/comments?post=439"}],"version-history":[{"count":2,"href":"https:\/\/taxi1717.hr\/nadogradnja\/wp-json\/wp\/v2\/posts\/439\/revisions"}],"predecessor-version":[{"id":4225,"href":"https:\/\/taxi1717.hr\/nadogradnja\/wp-json\/wp\/v2\/posts\/439\/revisions\/4225"}],"wp:featuredmedia":[{"embeddable":true,"href":"https:\/\/taxi1717.hr\/nadogradnja\/wp-json\/"}],"wp:attachment":[{"href":"https:\/\/taxi1717.hr\/nadogradnja\/wp-json\/wp\/v2\/media?parent=439"}],"wp:term":[{"taxonomy":"category","embeddable":true,"href":"https:\/\/taxi1717.hr\/nadogradnja\/wp-json\/wp\/v2\/categories?post=439"},{"taxonomy":"post_tag","embeddable":true,"href":"https:\/\/taxi1717.hr\/nadogradnja\/wp-json\/wp\/v2\/tags?post=439"}],"curies":[{"name":"wp","href":"https:\/\/api.w.org\/{rel}","templated":true}]}}