{"id":436,"date":"2015-06-07T20:38:26","date_gmt":"2015-06-07T20:38:26","guid":{"rendered":"http:\/\/radiotaxizagreb.com\/?p=436"},"modified":"2015-06-07T20:38:26","modified_gmt":"2015-06-07T20:38:26","slug":"medvedgradske-glazbene-veceri","status":"publish","type":"post","link":"https:\/\/taxi1717.hr\/nadogradnja\/hr\/2015\/06\/07\/medvedgradske-glazbene-veceri\/","title":{"rendered":"Medvedgradske glazbene ve\u010deri"},"content":{"rendered":"<div class=\"item-wrapper\">\n<p class=\"location_paragraph\">Zagreb, Centar<br \/>\n10000 Zagreb<\/p>\n<\/div>\n<div class=\"text\">\n<p class=\"event-date\">17.7.-19.7.2014.<\/p>\n<\/div>\n<p class=\"event-date\"><a href=\"https:\/\/taxi1717.hr\/nadogradnja\/wp-content\/uploads\/2015\/06\/header879402837371rzxfkbchyj.jpg\"><img loading=\"lazy\" decoding=\"async\" class=\"  wp-image-437 aligncenter\" src=\"https:\/\/taxi1717.hr\/nadogradnja\/wp-content\/uploads\/2015\/06\/header879402837371rzxfkbchyj-300x186.jpg\" alt=\"header879402837371rzxfkbchyj\" width=\"612\" height=\"379\" \/><\/a><\/p>\n<div class=\"text\" style=\"text-align: justify;\"><b>Koncerti na Medvedgradu postaju ve\u0107 tradicionalna doga\u0111anja koja oboga\u0107uju ljetnu kulturnu<a id=\"xClaimOglasId-233667-2\" class=\"xClaimClass\" target=\"_blank\" rel=\"noopener\"><\/a>ponudu grada Zagreba. Ove \u0107e godine\u00a0 trajati tri ve\u010deri, a program je oboga\u0107en i \u0161armantnim akusti\u010dnim programom hrvatskih kantautorica na medvedgradskoj kuli \u010dime \u0107e prepoznatljiv simbol hrvatskog glavnog grada dobiti novu glazbeno \u2013 umjetni\u010dku dimenziju. <\/b><\/p>\n<p>Grupa <b>Meritas<\/b> nastupit \u0107e u \u010detvrtak<b> 17. srpnja<\/b>, <b>Zoran Predin<\/b> u dru\u0161tvu<b> Damir Kukuruzovi\u0107 Django Group<\/b> u petak, <b>18. srpnja<\/b>, a program u subotu, <b>19. srpnja <\/b>zatvorit \u0107e\u00a0 <b>Tamara Obrovac Transhistria Quartet<\/b>. <a id=\"xClaimOglasId-226056-4\" class=\"xClaimClass\" target=\"_blank\" rel=\"noopener\"><\/a>Poseban program ove godine pod nazivom <b>Akustika na kuli<\/b>, u suradnji s akusti\u010dnim serijalom &#8220;Akustika\u201c, ugostit \u0107e u istim danima mlade hrvatske kantautorice; <b>Queen of Sabe<\/b> u \u010detvrtak,<b> Ninu Romi\u0107<\/b> u petak te <b>Saru Renar <\/b>u subotu, a ti akusti\u010dni nastupi odr\u017eat \u0107e se za samo dvadesetak ljudi na vrhu medvedgradske kule, s prelijepim pogledom na Zagreb, sat vremena prije po\u010detka glavnog programa.<\/p>\n<p>\u201e\u017delja nam je omogu\u0107iti gra\u0111anima Zagreba i svima koji se ovdje zateknu na proputovanju, kvalitetne glazbene do\u017eivljaje za sje\u0107anje, upotpunjene jedinstvenim medvedgradskim ozra\u010djem, prirodnom i kulturnom ba\u0161tinom s pogledom na Zagreb.\u201c \u2013 poru\u010duju organizatori.<\/p>\n<p><b>Da koncerti na Medvedgradu nisu samo koncerti \u2013 ve\u0107 do\u017eivljaji u punom smislu te rije\u010di, znaju svi oni koji su do sada uspijevali na vrijeme do\u0107i do svoje ulaznice jer je za programe Medvedgradskih glazbenih ve\u010deri u pretprodaji samo 250 ulaznica po koncertu. <\/b><\/p>\n<p>S obzirom na dosada\u0161nji interes publike, mogu\u0107e je da \u0107e svih 250 ulaznica po koncertu biti ubrzo prodano, a ho\u0107e li u prodaju biti pu\u0161tene dodatne ulaznice znat \u0107e se dan uo\u010di koncerta i ovisit \u0107e o vremenskoj prognozi. Naime, cilj organizatora je da se koncerti odr\u017ee i u slu\u010daju nepovoljnih vremenskih prilika te se u tom slu\u010daju premje\u0161taju u zidine tvr\u0111ave, koje su manjeg kapaciteta od prostora pod zvijezdama.<\/p>\n<p><b><br \/>\nPROGRAM:<\/p>\n<p>\u010cetvrtak, 17.07. <\/b><br \/>\nAkustika na kuli &#8211; Queen of Sabe u 20 sati<br \/>\nMERITAS u 21 sat<br \/>\n<b>Cijena ulaznice:<\/b> pretprodaja 70 kn\/na dan koncerta: 90 kn<\/p>\n<p><b>Petak, 18.07.<\/b><br \/>\nAkustika na kuli &#8211; Nina Romi\u0107 u 20 sati<br \/>\nZORAN\u00a0PREDIN\u00a0&amp; DAMIR KUKURUZOVI\u0106 DJANGO GROUP u 21 sat<br \/>\n<b>Cijena ulaznice<\/b>: pretprodaja 80 kn\/na dan koncerta: 100 kn<\/p>\n<p><b>Subota, 19.07. <\/b><br \/>\nAkustika na kuli &#8211; Sara Renar u 20 sati<br \/>\nTAMARA OBROVAC TRANSHISTRIA QUARTET u 21 sat<br \/>\n<b>Cijena ulaznice: <\/b>pretprodaja 80 kn\/na dan koncerta: 100 kn<\/p>\n<p><b><br \/>\nKAKO DO MEDVEDGRADA?<\/b><\/p>\n<p>Planinari i svi ljubitelji prirode i Medvednice znaju da <b>\u0161etnja<\/b> od \u0160estinske crkve do Medvedgrada traje cca. sat vremena (4,2 km) uz va\u017enu napomenu &#8211; ne skre\u0107ite s puta!<br \/>\nDo najzahtjevnije koncertne lokacije u Zagrebu tih dana\u00a0\u0107e se mo\u0107i do\u0107i i <b>automobilom<\/b>, no zbog vrlo ograni\u010denog broja parkirnih mjesta osigurali smo i <b>BESPLATAN minibus<\/b> i to od po\u010detne stanice kod \u0160estinske crkve pa sve do Medvedgrada i natrag. Polasci \u0107e biti u 18:30, 19:00, 19:30, 20:00, 20:30 i 20:45, a povratak je planiran nakon svakog koncerta.<\/p>\n<p><b>U prostore Medvedgrada ulazit \u0107e se od 19:00<\/b> gdje \u0107ete sve do po\u010detka programa mo\u0107i u\u017eivati u prelijepom pogledu na Zagreb kao i u pri\u010di koju pri\u010daju ove o\u010duvane i povije\u0161\u0107u bogate zidine.<\/p>\n<p>Koncerte \u0107ete mo\u0107i pratiti s drvenih klupica, jastuka, stepenica i zidi\u0107a, a slobodno mo\u017eete ponijeti i svoj jastuk, dekicu ili ribi\u010dki stol\u010di\u0107 te u\u017eivati u iznimnim glazbenim do\u017eivljajima s pogledom na Zagreb no\u0107u! Osim pozitivne energije i udobnih cipela ne zaboravite ponijeti vestu, jer na Medvednici i ljeti mo\u017ee biti prohladno.<\/p>\n<p><b>INFORMACIJE O ULAZNICAMA ZA SVE ZAINTERESIRANE:<\/b><\/p>\n<p>Broj ulaznica je ograni\u010den na 250 u pretprodaji, a ulaznice su dostupne online na www.ulaznice.hr te na ovla\u0161tenim prodajnim mjestima; TISAKmedia, Integral Zagreb,\u00a0Algoritam\u00a0Profil Mozaik, Aquarius Records, Croatia Records i sva ostala prodajna mjesta koja mo\u017eete prona\u0107i u sustavu ulaznice.hr. Program Akustika na kuli ne pla\u0107a se <a id=\"xClaimOglasId-226064-5\" class=\"xClaimClass\" target=\"_blank\" rel=\"noopener\"><\/a>posebno, ali na njemu \u0107e mo\u0107i prisustvovati samo dvadeset dovoljno brzih kupaca koji na prodajnom mjestu ili putem interneta odaberu kao dodatni program Akustiku na kuli.<\/p>\n<p>Zbog interesa publike u posljednje dvije godine, uvedeno je i 50 paket &#8211; ulaznica za sve tri ve\u010deri; cijena paketa iznosi 200 kn umjesto 230 kn, ali su u prodaji samo do 10.07.<br \/>\nOve godine mo\u017eete ostvariti i dodatnih 10% popusta na online <a id=\"xClaimOglasId-230337-1\" class=\"xClaimClass\" target=\"_blank\" rel=\"noopener\"><\/a>kupnju ulaznica putem MasterCard-a i Maestro <a id=\"xClaimOglasId-230308-3\" class=\"xClaimClass\" target=\"_blank\" rel=\"noopener\"><\/a>kartica.<\/p>\n<p><b>ULAZNICE KRE\u0106U U PRODAJU 16.06.2014.! <\/b><\/div>\n<div class=\"text\" style=\"text-align: justify;\"><\/div>\n<div class=\"text\" style=\"text-align: justify;\">Izvor:\u00a0http:\/\/www.idemvan.hr<\/div>\n","protected":false},"excerpt":{"rendered":"<p>Zagreb, Centar 10000 Zagreb 17.7.-19.7.2014. Koncerti na Medvedgradu postaju ve\u0107 tradicionalna doga\u0111anja koja oboga\u0107uju ljetnu kulturnuponudu grada Zagreba. Ove \u0107e godine\u00a0 trajati tri ve\u010deri, a program je oboga\u0107en i \u0161armantnim akusti\u010dnim programom hrvatskih kantautorica na medvedgradskoj kuli \u010dime \u0107e prepoznatljiv simbol hrvatskog glavnog grada dobiti novu glazbeno \u2013 umjetni\u010dku dimenziju. Grupa Meritas nastupit \u0107e u [&hellip;]<\/p>\n","protected":false},"author":1,"featured_media":437,"comment_status":"open","ping_status":"open","sticky":false,"template":"","format":"standard","meta":{"_et_pb_use_builder":"","_et_pb_old_content":"","_et_gb_content_width":"","_monsterinsights_skip_tracking":false,"_monsterinsights_sitenote_active":false,"_monsterinsights_sitenote_note":"","_monsterinsights_sitenote_category":0,"footnotes":""},"categories":[9,8],"tags":[12,11],"class_list":["post-436","post","type-post","status-publish","format-standard","has-post-thumbnail","hentry","category-dogadanja","category-koncert","tag-dogadanja","tag-koncert"],"_links":{"self":[{"href":"https:\/\/taxi1717.hr\/nadogradnja\/wp-json\/wp\/v2\/posts\/436","targetHints":{"allow":["GET"]}}],"collection":[{"href":"https:\/\/taxi1717.hr\/nadogradnja\/wp-json\/wp\/v2\/posts"}],"about":[{"href":"https:\/\/taxi1717.hr\/nadogradnja\/wp-json\/wp\/v2\/types\/post"}],"author":[{"embeddable":true,"href":"https:\/\/taxi1717.hr\/nadogradnja\/wp-json\/wp\/v2\/users\/1"}],"replies":[{"embeddable":true,"href":"https:\/\/taxi1717.hr\/nadogradnja\/wp-json\/wp\/v2\/comments?post=436"}],"version-history":[{"count":0,"href":"https:\/\/taxi1717.hr\/nadogradnja\/wp-json\/wp\/v2\/posts\/436\/revisions"}],"wp:featuredmedia":[{"embeddable":true,"href":"https:\/\/taxi1717.hr\/nadogradnja\/wp-json\/"}],"wp:attachment":[{"href":"https:\/\/taxi1717.hr\/nadogradnja\/wp-json\/wp\/v2\/media?parent=436"}],"wp:term":[{"taxonomy":"category","embeddable":true,"href":"https:\/\/taxi1717.hr\/nadogradnja\/wp-json\/wp\/v2\/categories?post=436"},{"taxonomy":"post_tag","embeddable":true,"href":"https:\/\/taxi1717.hr\/nadogradnja\/wp-json\/wp\/v2\/tags?post=436"}],"curies":[{"name":"wp","href":"https:\/\/api.w.org\/{rel}","templated":true}]}}