{"id":432,"date":"2015-06-07T20:31:48","date_gmt":"2015-06-07T20:31:48","guid":{"rendered":"http:\/\/radiotaxizagreb.com\/?p=432"},"modified":"2015-06-07T20:31:48","modified_gmt":"2015-06-07T20:31:48","slug":"smjena-straze-pocasna-satnija-kravat-pukovnije","status":"publish","type":"post","link":"https:\/\/taxi1717.hr\/hr\/nadogradnja\/2015\/06\/07\/smjena-straze-pocasna-satnija-kravat-pukovnije\/","title":{"rendered":"Smjena stra\u017ee &#8211; Po\u010dasna satnija Kravat pukovnije"},"content":{"rendered":"<div class=\"wrap\"><\/div>\n<div class=\"wrap\">\n<div class=\"content-wrap\">\n<div class=\"content-wide\">\n<p><a href=\"https:\/\/taxi1717.hr\/nadogradnja\/wp-content\/uploads\/2015\/06\/smjena-straze-1.jpg\"><img loading=\"lazy\" decoding=\"async\" class=\"alignnone size-full wp-image-451\" src=\"https:\/\/taxi1717.hr\/nadogradnja\/wp-content\/uploads\/2015\/06\/smjena-straze-1.jpg\" alt=\"smjena-straze-1\" width=\"1280\" height=\"500\" \/><\/a><\/p>\n<div class=\"clearfix\">\n<p>6.4. &#8211; 18.10.<br \/>\nSvake subote i nedjelje, te utvr\u0111enim dr\u017eavnim praznicima i sve\u010danim prigodama<\/p>\n<p>U vrijeme Tridesetogodi\u0161njeg rata u 17. stolje\u0107u hrvatska laka konjica, na glasu po iznimnom juna\u0161tvu, pristupila je francuskoj vojsci. Vojni\u010dke vje\u0161tine i originalni izgled hrvatskih vojnika potvr\u0111eni su 1664. godine utemeljenjem hrvatske pukovnije \u201cRoyal Cravattes\u201d u sklopu francuske kraljevske vojske. Kako izgleda smjena stra\u017ee hrabrih hrvatskih vojnika mo\u017eete vidjeti u dvosatnoj ceremoniji u kojoj sudjeluje cijela postrojba, nakon \u010dega se postavlja stra\u017ea na predvi\u0111enim pozicijama, atraktivnim turisti\u010dkim lokacijama, od Markova trga, preko Trga bana Jela\u010di\u0107a do Gospina kipa na Kaptolu.<\/p>\n<p><em>Izvor:\u00a0http:\/\/www.zagreb-touristinfo.hr<\/em><\/p>\n<\/div>\n<\/div>\n<\/div>\n<\/div>\n","protected":false},"excerpt":{"rendered":"<p>6.4. &#8211; 18.10. Svake subote i nedjelje, te utvr\u0111enim dr\u017eavnim praznicima i sve\u010danim prigodama U vrijeme Tridesetogodi\u0161njeg rata u 17. stolje\u0107u hrvatska laka konjica, na glasu po iznimnom juna\u0161tvu, pristupila je francuskoj vojsci. Vojni\u010dke vje\u0161tine i originalni izgled hrvatskih vojnika potvr\u0111eni su 1664. godine utemeljenjem hrvatske pukovnije \u201cRoyal Cravattes\u201d u sklopu francuske kraljevske vojske. Kako [&hellip;]<\/p>\n","protected":false},"author":1,"featured_media":470,"comment_status":"open","ping_status":"open","sticky":false,"template":"","format":"standard","meta":{"_et_pb_use_builder":"","_et_pb_old_content":"","_et_gb_content_width":"","_monsterinsights_skip_tracking":false,"_monsterinsights_sitenote_active":false,"_monsterinsights_sitenote_note":"","_monsterinsights_sitenote_category":0,"footnotes":""},"categories":[9],"tags":[12],"class_list":["post-432","post","type-post","status-publish","format-standard","has-post-thumbnail","hentry","category-dogadanja","tag-dogadanja"],"_links":{"self":[{"href":"https:\/\/taxi1717.hr\/nadogradnja\/wp-json\/wp\/v2\/posts\/432","targetHints":{"allow":["GET"]}}],"collection":[{"href":"https:\/\/taxi1717.hr\/nadogradnja\/wp-json\/wp\/v2\/posts"}],"about":[{"href":"https:\/\/taxi1717.hr\/nadogradnja\/wp-json\/wp\/v2\/types\/post"}],"author":[{"embeddable":true,"href":"https:\/\/taxi1717.hr\/nadogradnja\/wp-json\/wp\/v2\/users\/1"}],"replies":[{"embeddable":true,"href":"https:\/\/taxi1717.hr\/nadogradnja\/wp-json\/wp\/v2\/comments?post=432"}],"version-history":[{"count":0,"href":"https:\/\/taxi1717.hr\/nadogradnja\/wp-json\/wp\/v2\/posts\/432\/revisions"}],"wp:featuredmedia":[{"embeddable":true,"href":"https:\/\/taxi1717.hr\/nadogradnja\/wp-json\/"}],"wp:attachment":[{"href":"https:\/\/taxi1717.hr\/nadogradnja\/wp-json\/wp\/v2\/media?parent=432"}],"wp:term":[{"taxonomy":"category","embeddable":true,"href":"https:\/\/taxi1717.hr\/nadogradnja\/wp-json\/wp\/v2\/categories?post=432"},{"taxonomy":"post_tag","embeddable":true,"href":"https:\/\/taxi1717.hr\/nadogradnja\/wp-json\/wp\/v2\/tags?post=432"}],"curies":[{"name":"wp","href":"https:\/\/api.w.org\/{rel}","templated":true}]}}