{"id":423,"date":"2015-06-07T20:26:15","date_gmt":"2015-06-07T20:26:15","guid":{"rendered":"http:\/\/radiotaxizagreb.com\/?p=423"},"modified":"2015-06-07T20:26:15","modified_gmt":"2015-06-07T20:26:15","slug":"zagrebacki-vremeplov","status":"publish","type":"post","link":"https:\/\/taxi1717.hr\/nadogradnja\/hr\/2015\/06\/07\/zagrebacki-vremeplov\/","title":{"rendered":"Zagreba\u010dki vremeplov"},"content":{"rendered":"<div class=\"wrap\">\n<div class=\"content-wrap\">\n<div class=\"content-wide\">\n<div class=\"blocks two clearfix\">\n<div>\n<h2><\/h2>\n<h4>Zagreba\u010dki vremeplov&#8230;zajedni\u010dki je nazivnik nizu manifestacija koje Turisti\u010dka zajednica grada Zagreba provodi na zagreba\u010dkim ulicama i trgovima, vikendima od prolje\u0107a do jeseni, sa ciljem o\u017eivljavanja pro\u0161lih vremena i obi\u010daja.<\/h4>\n<h2><\/h2>\n<h2>19.04.2015 &#8211; 04.10.2015.<\/h2>\n<p><a href=\"https:\/\/taxi1717.hr\/nadogradnja\/wp-content\/uploads\/2015\/06\/stari_zagreb-1.jpg\"><img loading=\"lazy\" decoding=\"async\" class=\"  wp-image-427 aligncenter\" src=\"https:\/\/taxi1717.hr\/nadogradnja\/wp-content\/uploads\/2015\/06\/stari_zagreb-1-300x189.jpg\" alt=\"stari_zagreb (1)\" width=\"606\" height=\"382\" \/><\/a><\/p>\n<h2>Gornji grad<\/h2>\n<p>18.4. &#8211; 3.10. subotom 17.00 &#8211; 20.00 h<\/p>\n<p>Mislite li da ste vremeplovom otputovali u neko pro\u0161lo vrijeme? Varate se! Gornjogradskim ulicama, tu pored Vas, doista prolaze glavni junaci nekih odavno ispisanih pri\u010da: likovi iz legendi, ali i stvarne osobe &#8211; svi oni mali i veliki ljudi koji su obilje\u017eili zagreba\u010dku pro\u0161lost i \u010dija djela danas \u017eive mo\u017eda \u010dak sna\u017enije nego ju\u010der&#8230; Na ulicama Gornjeg grada susrest \u0107ete MARIJU JURI\u0106 ZAGORKU, prvu hrvatsku novinarku, odlu\u010dnu feministicu i spisateljicu kao i hrvatskog pjesnika, novelista, feljtonista, esejista i putopisca ANTUNA GUSTAVA MATO\u0160A.<\/p>\n<p>&nbsp;<\/p>\n<\/div>\n<div class=\"last\">\n<h2>\u00a0<a href=\"https:\/\/taxi1717.hr\/nadogradnja\/wp-content\/uploads\/2015\/06\/gornji-grad-1.jpg\"><img loading=\"lazy\" decoding=\"async\" class=\"alignnone  wp-image-425\" src=\"https:\/\/taxi1717.hr\/nadogradnja\/wp-content\/uploads\/2015\/06\/gornji-grad-1-300x117.jpg\" alt=\"gornji-grad-1\" width=\"449\" height=\"175\" \/><\/a>\u00a0\u00a0<a href=\"https:\/\/taxi1717.hr\/nadogradnja\/wp-content\/uploads\/2015\/06\/medium_dsc-0168-55081e081f31e.jpg\"><img loading=\"lazy\" decoding=\"async\" class=\"alignnone  wp-image-426\" src=\"https:\/\/taxi1717.hr\/nadogradnja\/wp-content\/uploads\/2015\/06\/medium_dsc-0168-55081e081f31e-300x178.jpg\" alt=\"medium_dsc-0168-55081e081f31e\" width=\"308\" height=\"183\" \/><\/a><\/h2>\n<p>&nbsp;<\/p>\n<p>KOLPORTER \u0107e Vam ba\u0161 kao nekad prenijeti lokalne pri\u010de, a PO\u0160TAR iznenaditi svojim po\u0161tanskim rogom. DORA I PAVLE, zagreba\u010dki Romeo i Julija, podijelit \u0107e s Vama svoju nesretnu ljubavnu pri\u010du, a LJUDEVIT GAJ I SIDONIJA RUBIDO ERD\u00d6DY ispri\u010dat \u0107e Vam pri\u010du o ilirskom pokretu u Hrvatskoj. VITEZOVI Reda Srebrnog Zmaja \u0107e Vam kao u davna vremena mra\u010dnog Srednjeg vijeka pokazati svoje vje\u0161tine dok \u0107e se za Va\u0161u sigurnost pobrinuti GRADSKI STRA\u017dAR. Do\u0111ite, upoznajte ih!<\/p>\n<\/div>\n<\/div>\n<div class=\"clearfix\">\n<h2>Trg bana Josipa Jela\u010di\u0107a<\/h2>\n<p>18.4. &#8211; 3.10.2015.<\/p>\n<p>subotom i nedjeljom 10.00 &#8211; 12.00<\/p>\n<p>Upravo ondje gdje je danas sredi\u0161nji zagreba\u010dki trg, \u017eedan je ban na izvoru vode ugledao prekrasnu djevojku s vr\u010dem i zavapio: Mando, du\u0161o, zagrabi! Izvor je dobio ime Mandu\u0161evac, a grad &#8211; Zagreb. Ako ne vjerujete legendi, zapitajte Mandu.<\/p>\n<\/div>\n<\/div>\n<\/div>\n<\/div>\n<div class=\"pb50\"><\/div>\n<div class=\"wrap\">\n<div class=\"content-wrap\">\n<div class=\"content-wide\">\n<div class=\"blocks two clearfix\">\n<div>\n<h2>Park Zrinjevac<\/h2>\n<p>25.4. &#8211; 3.10. subotom 11.00 &#8211; 13.00 h<\/p>\n<p>Ple\u0161ete li? Po\u017eelite li se ponekad, barem na trenutak, vratiti u pro\u0161lost? Na\u0161 vremeplov odvest \u0107e Vas u svijet glazbe i obi\u010daja minulih vremena, ondje gdje je tradicija utisnuta u prostor, zvukove i ljude. Tek poneku minutu \u0161etnje od sredi\u0161njega Trga bana Josipa Jela\u010di\u0107a sti\u017eete na Zrinjevac,\u00a0park prepun cvije\u0107a, zelenila i tradicije. U Glazbenom paviljonu koji ondje stoji jo\u0161 od 1891. godine, mo\u017eete u\u017eivati u valcerima i kora\u010dnicama, glazbenim napjevima iz opereta, talijanskim canzonama, jazzu ili evergreenu&#8230;<\/p>\n<\/div>\n<p>Izvor:\u00a0http:\/\/www.zagreb-touristinfo.hr<\/p>\n<\/div>\n<\/div>\n<\/div>\n<\/div>\n","protected":false},"excerpt":{"rendered":"<p>Zagreba\u010dki vremeplov&#8230;zajedni\u010dki je nazivnik nizu manifestacija koje Turisti\u010dka zajednica grada Zagreba provodi na zagreba\u010dkim ulicama i trgovima, vikendima od prolje\u0107a do jeseni, sa ciljem o\u017eivljavanja pro\u0161lih vremena i obi\u010daja. 19.04.2015 &#8211; 04.10.2015. Gornji grad 18.4. &#8211; 3.10. subotom 17.00 &#8211; 20.00 h Mislite li da ste vremeplovom otputovali u neko pro\u0161lo vrijeme? Varate se! Gornjogradskim [&hellip;]<\/p>\n","protected":false},"author":1,"featured_media":427,"comment_status":"open","ping_status":"open","sticky":false,"template":"","format":"standard","meta":{"_et_pb_use_builder":"","_et_pb_old_content":"","_et_gb_content_width":"","_monsterinsights_skip_tracking":false,"_monsterinsights_sitenote_active":false,"_monsterinsights_sitenote_note":"","_monsterinsights_sitenote_category":0,"footnotes":""},"categories":[9],"tags":[12],"class_list":["post-423","post","type-post","status-publish","format-standard","has-post-thumbnail","hentry","category-dogadanja","tag-dogadanja"],"_links":{"self":[{"href":"https:\/\/taxi1717.hr\/nadogradnja\/wp-json\/wp\/v2\/posts\/423","targetHints":{"allow":["GET"]}}],"collection":[{"href":"https:\/\/taxi1717.hr\/nadogradnja\/wp-json\/wp\/v2\/posts"}],"about":[{"href":"https:\/\/taxi1717.hr\/nadogradnja\/wp-json\/wp\/v2\/types\/post"}],"author":[{"embeddable":true,"href":"https:\/\/taxi1717.hr\/nadogradnja\/wp-json\/wp\/v2\/users\/1"}],"replies":[{"embeddable":true,"href":"https:\/\/taxi1717.hr\/nadogradnja\/wp-json\/wp\/v2\/comments?post=423"}],"version-history":[{"count":0,"href":"https:\/\/taxi1717.hr\/nadogradnja\/wp-json\/wp\/v2\/posts\/423\/revisions"}],"wp:featuredmedia":[{"embeddable":true,"href":"https:\/\/taxi1717.hr\/nadogradnja\/wp-json\/"}],"wp:attachment":[{"href":"https:\/\/taxi1717.hr\/nadogradnja\/wp-json\/wp\/v2\/media?parent=423"}],"wp:term":[{"taxonomy":"category","embeddable":true,"href":"https:\/\/taxi1717.hr\/nadogradnja\/wp-json\/wp\/v2\/categories?post=423"},{"taxonomy":"post_tag","embeddable":true,"href":"https:\/\/taxi1717.hr\/nadogradnja\/wp-json\/wp\/v2\/tags?post=423"}],"curies":[{"name":"wp","href":"https:\/\/api.w.org\/{rel}","templated":true}]}}