{"id":3326,"date":"2022-12-22T18:40:24","date_gmt":"2022-12-22T18:40:24","guid":{"rendered":"https:\/\/radiotaxizagreb.com\/?p=3326"},"modified":"2023-04-22T19:38:28","modified_gmt":"2023-04-22T17:38:28","slug":"ni-ove-godine-nista-od-bijelog-bozica","status":"publish","type":"post","link":"https:\/\/taxi1717.hr\/hr\/nadogradnja\/2022\/12\/22\/ni-ove-godine-nista-od-bijelog-bozica\/","title":{"rendered":"Ni ove godine ni\u0161ta od &#8220;bijelog Bo\u017ei\u0107a&#8221;?"},"content":{"rendered":"<p>Za ve\u0107inu ljudi \u201ebijeli Bo\u017ei\u0107\u201c zna\u010di da je tlo prekriveno snijegom na Bo\u017ei\u0107, a bilo bi idealno i da pada u bo\u017ei\u0107noj no\u0107i ili na samo bo\u017ei\u0107no jutro.<\/p>\n<p>Koja je to\u010dna definicija \u201ebijelog Bo\u017ei\u0107a\u201c i od kuda se taj izraz pro\u0161irio na na\u0161e prostore, pro\u010ditajte u nastavku.<\/p>\n<p>&nbsp;<\/p>\n<h2><strong>Podrijetlo \u201ebijelog Bo\u017ei\u0107a\u201c<\/strong><\/h2>\n<p>&nbsp;<\/p>\n<p><a href=\"https:\/\/taxi1717.hr\/nadogradnja\/wp-content\/uploads\/2022\/12\/bijeli-Bozic.jpeg\"><img loading=\"lazy\" decoding=\"async\" class=\"size-large wp-image-3329 aligncenter\" src=\"https:\/\/taxi1717.hr\/nadogradnja\/wp-content\/uploads\/2022\/12\/bijeli-Bozic-1024x683.jpeg\" alt=\"\" width=\"1024\" height=\"683\" \/><\/a><\/p>\n<p>&nbsp;<\/p>\n<p>Slika snje\u017enog, odnosno \u201ebijelog Bo\u017ei\u0107a\u201c posebno je ukorijenjena u SAD-u i Velikoj Britaniji i od tuda se pro\u0161irila po cijelom svijetu.<\/p>\n<p>Iako ne postoji slu\u017ebena definicija \u201ebijelog Bo\u017ei\u0107a\u201c, britanski meteorolo\u0161ki zavod u svojoj publikaciji tuma\u010di da je potrebno da barem jedna snje\u017ena pahulja padne 25. prosinca tijekom \u010ditava 24 sata kako bismo mogli re\u0107i da imamo \u201ebijeli Bo\u017ei\u0107\u201c.<\/p>\n<p>Da bi u SAD-u bio \u201ebijeli Bo\u017ei\u0107\u201c, potrebno je na bo\u017ei\u0107no jutro u 7 sati po lokalnom vremenu na tlu biti izmjereno najmanje 2.5 cm snijega, dok je u Kanadi dovoljno da na tlu bude izmjereno najmanje 2 cm.<\/p>\n<p>Smatra se da slika snje\u017enog Bo\u017ei\u0107a vu\u010de klimatske korijene iz razdoblja od sredine 14. do sredine 19. stolje\u0107a (tzv. \u201emalo ledeno doba\u201c) jer je to razdoblje donijelo hladne zime u Europu i Sjevernu Ameriku.<\/p>\n<p>&nbsp;<\/p>\n<h2><strong>Bijeli Bo\u017ei\u0107 u Zagrebu<\/strong><\/h2>\n<p>&nbsp;<\/p>\n<p>U Hrvatskoj se \u201ebijelim Bo\u017ei\u0107em\u201c smatra onaj s barem 1 centimetrom snijega na meteorolo\u0161koj postaji u 7 sati na bo\u017ei\u0107no jutro.<\/p>\n<p>Prema statisti\u010dkim podacima DHMZ-a, \u201ebijeli Bo\u017ei\u0107\u201c je vrlo rijedak u nizinama, posebice na Jadranu, dok je u vi\u0161em gorju \u201ebijeli Bo\u017ei\u0107\u201c puno \u010de\u0161\u0107a pojava.<\/p>\n<p>U posljednjih 60 godina, daleko najvi\u0161e \u201ebijelih Bo\u017ei\u0107a\u201c bilo je na na\u0161oj najvi\u0161oj planinskoj meteorolo\u0161koj postaji Zavi\u017eanu, zatim slijede Parg, Gospi\u0107 i Ogulin.<\/p>\n<p>Od 1961. godine, u Zagrebu se \u201ebijeli Bo\u017ei\u0107\u201c doga\u0111ao u prosjeku svake \u010detiri godine, a zadnji puta je snijeg na bo\u017ei\u0107no jutro u glavnom gradu izmjeren 2007. godine.<\/p>\n<p>Ako je suditi prema prognozi, na \u017ealost mnogih, ni ove godine ne\u0107emo imati \u201ebijeli Bo\u017ei\u0107\u201c. Za vikend \u0107e nastupiti ju\u017eina, ne\u0107e biti jutarnjih minusa, a dnevna temperatura \u0107e na Badnjak biti \u010dak 14 stupnjeva, dok nas na Bo\u017ei\u0107 o\u010dekuje dnevna temperatura od 11 stupnjeva.<\/p>\n<p>&nbsp;<\/p>\n<p><a href=\"https:\/\/taxi1717.hr\/nadogradnja\/wp-content\/uploads\/2022\/12\/vremenska-prognoza-za-Bozic.png\"><img loading=\"lazy\" decoding=\"async\" class=\"size-large wp-image-3330 aligncenter\" src=\"https:\/\/taxi1717.hr\/nadogradnja\/wp-content\/uploads\/2022\/12\/vremenska-prognoza-za-Bozic-1024x367.png\" alt=\"\" width=\"1024\" height=\"367\" \/><\/a><\/p>\n<p><em>Izvor: DHMZ<\/em><\/p>\n<p>&nbsp;<\/p>\n<p>Iako \u0107emo se morati jo\u0161 malo strpjeti da do\u010dekamo snijeg u Zagrebu, to ne\u0107e umanjiti onu glavnu bit Bo\u017ei\u0107a \u2013 a to je da ga provedemo u miru i blagostanju s na\u0161im najdra\u017eima.<\/p>\n<p>&nbsp;<\/p>\n<h4><strong><em>Sretan Bo\u017ei\u0107 \u017eeli Vam TAXI 1717! <\/em><\/strong><\/h4>\n","protected":false},"excerpt":{"rendered":"<p>Za ve\u0107inu ljudi \u201ebijeli Bo\u017ei\u0107\u201c zna\u010di da je tlo prekriveno snijegom na Bo\u017ei\u0107, a bilo bi idealno i da pada u bo\u017ei\u0107noj no\u0107i ili na samo bo\u017ei\u0107no jutro. Koja je to\u010dna definicija \u201ebijelog Bo\u017ei\u0107a\u201c i od kuda se taj izraz pro\u0161irio na na\u0161e prostore, pro\u010ditajte u nastavku. &nbsp; Podrijetlo \u201ebijelog Bo\u017ei\u0107a\u201c &nbsp; &nbsp; Slika snje\u017enog, [&hellip;]<\/p>\n","protected":false},"author":1,"featured_media":3724,"comment_status":"open","ping_status":"open","sticky":false,"template":"","format":"standard","meta":{"_et_pb_use_builder":"","_et_pb_old_content":"","_et_gb_content_width":"","_monsterinsights_skip_tracking":false,"_monsterinsights_sitenote_active":false,"_monsterinsights_sitenote_note":"","_monsterinsights_sitenote_category":0,"footnotes":""},"categories":[22],"tags":[],"class_list":["post-3326","post","type-post","status-publish","format-standard","has-post-thumbnail","hentry","category-zanimljivosti"],"_links":{"self":[{"href":"https:\/\/taxi1717.hr\/nadogradnja\/wp-json\/wp\/v2\/posts\/3326","targetHints":{"allow":["GET"]}}],"collection":[{"href":"https:\/\/taxi1717.hr\/nadogradnja\/wp-json\/wp\/v2\/posts"}],"about":[{"href":"https:\/\/taxi1717.hr\/nadogradnja\/wp-json\/wp\/v2\/types\/post"}],"author":[{"embeddable":true,"href":"https:\/\/taxi1717.hr\/nadogradnja\/wp-json\/wp\/v2\/users\/1"}],"replies":[{"embeddable":true,"href":"https:\/\/taxi1717.hr\/nadogradnja\/wp-json\/wp\/v2\/comments?post=3326"}],"version-history":[{"count":0,"href":"https:\/\/taxi1717.hr\/nadogradnja\/wp-json\/wp\/v2\/posts\/3326\/revisions"}],"wp:featuredmedia":[{"embeddable":true,"href":"https:\/\/taxi1717.hr\/nadogradnja\/wp-json\/wp\/v2\/media\/3724"}],"wp:attachment":[{"href":"https:\/\/taxi1717.hr\/nadogradnja\/wp-json\/wp\/v2\/media?parent=3326"}],"wp:term":[{"taxonomy":"category","embeddable":true,"href":"https:\/\/taxi1717.hr\/nadogradnja\/wp-json\/wp\/v2\/categories?post=3326"},{"taxonomy":"post_tag","embeddable":true,"href":"https:\/\/taxi1717.hr\/nadogradnja\/wp-json\/wp\/v2\/tags?post=3326"}],"curies":[{"name":"wp","href":"https:\/\/api.w.org\/{rel}","templated":true}]}}