{"id":3268,"date":"2022-10-18T16:03:49","date_gmt":"2022-10-18T16:03:49","guid":{"rendered":"https:\/\/radiotaxizagreb.com\/?p=3268"},"modified":"2022-10-18T16:03:49","modified_gmt":"2022-10-18T16:03:49","slug":"dan-kravate","status":"publish","type":"post","link":"https:\/\/taxi1717.hr\/hr\/nadogradnja\/2022\/10\/18\/dan-kravate\/","title":{"rendered":"DAN KRAVATE"},"content":{"rendered":"<p>Kravata je hrvatski simbol koji je prepoznatljiv diljem svijeta, a 18. listopada obilje\u017eava se Dan kravate.<\/p>\n<p>&nbsp;<\/p>\n<h2><strong>Kravata kroz povijest <\/strong><\/h2>\n<p>&nbsp;<\/p>\n<p>Kravata se smatra izvornim\u00a0hrvatskim\u00a0proizvodom, a ra\u0161irila se\u00a0Europom\u00a0u\u00a017. stolje\u0107u\u00a0posredstvom\u00a0hrvatskih vojnika\u00a0u\u00a0Tridesetogodi\u0161njem ratu, na kojima je postala prepoznatljiv modni detalj.<\/p>\n<p>Me\u0111u prvima su je prihvatili\u00a0Francuzi, pa u njihov jezik dolazi pod nazivom\u00a0<em>cravate<\/em>, a kasnije su je prihvatile i ostale europske zemlje pod sli\u010dnim nazivima.<\/p>\n<p>Mladi francuski kralj Luj XIV. po\u010deo je nositi kravatu 1646. kada je imao samo sedam godina, te je tako odredio modni standard svih francuskih plemi\u0107a. Oni su ubrzo usvojili ovaj novi odjevni predmet koji se nosio a la Croate (\u2018na hrvatski na\u010din\u2019).<\/p>\n<ol start=\"1667\">\n<li>godine ustrojena je posebna pukovnija Royal Cravates koja je nazvana po Hrvatima koji su bili u njenom sastavu i nosili kravatu. Ubrzo nakon toga, kravata se pro\u0161irila Europom kao znak kulture i otmjenosti.<\/li>\n<\/ol>\n<p>&nbsp;<\/p>\n<p><a href=\"https:\/\/taxi1717.hr\/nadogradnja\/wp-content\/uploads\/2022\/10\/kravata.jpeg\"><img loading=\"lazy\" decoding=\"async\" class=\"size-large wp-image-3270 aligncenter\" src=\"https:\/\/taxi1717.hr\/nadogradnja\/wp-content\/uploads\/2022\/10\/kravata-1024x683.jpeg\" alt=\"\" width=\"1024\" height=\"683\" \/><\/a><\/p>\n<p>&nbsp;<\/p>\n<h2><strong>Kravata oko Arene u Puli <\/strong><\/h2>\n<p><strong>\u00a0<\/strong><\/p>\n<p>18. listopada 2003. godine izvedena je spektakularna instalacija Kravata oko Arene u Puli.<\/p>\n<p>Tom instalacijom, s najve\u0107om kravatom na svijetu, simboli\u010dki je povezano anti\u010dko i suvremeno doba, dok crvena boja kravate predstavlja ljubav i su\u017eivot me\u0111u ljudima i narodima.<\/p>\n<p>Putem televizijskih postaja, Kravata oko Arene postala je vrhunski svjetski spektakl koji je vidjelo vi\u0161e od milijardu ljudi.<\/p>\n<p>&nbsp;<\/p>\n<h2><strong>Dan kravate\u00a0<\/strong><\/h2>\n<p>&nbsp;<\/p>\n<p>Na prijedlog Academiae Cravaticae, 2008. godine Hrvatski sabor proglasio je 18. listopada Danom kravate.<\/p>\n<p>Posredstvom medija, ovaj datum je prihva\u0107en u brojnim dr\u017eavama i metropolama u Europi i svijetu kao dan slavljenja kravate, \u0161to jo\u0161 sna\u017enije potvr\u0111uje da je kravata u isto vrijeme hrvatska, europska i svjetska trajna ba\u0161tina.<\/p>\n","protected":false},"excerpt":{"rendered":"<p>Kravata je hrvatski simbol koji je prepoznatljiv diljem svijeta, a 18. listopada obilje\u017eava se Dan kravate. &nbsp; Kravata kroz povijest &nbsp; Kravata se smatra izvornim\u00a0hrvatskim\u00a0proizvodom, a ra\u0161irila se\u00a0Europom\u00a0u\u00a017. stolje\u0107u\u00a0posredstvom\u00a0hrvatskih vojnika\u00a0u\u00a0Tridesetogodi\u0161njem ratu, na kojima je postala prepoznatljiv modni detalj. Me\u0111u prvima su je prihvatili\u00a0Francuzi, pa u njihov jezik dolazi pod nazivom\u00a0cravate, a kasnije su je prihvatile [&hellip;]<\/p>\n","protected":false},"author":1,"featured_media":3269,"comment_status":"open","ping_status":"open","sticky":false,"template":"","format":"standard","meta":{"_et_pb_use_builder":"","_et_pb_old_content":"","_et_gb_content_width":"","_monsterinsights_skip_tracking":false,"_monsterinsights_sitenote_active":false,"_monsterinsights_sitenote_note":"","_monsterinsights_sitenote_category":0,"footnotes":""},"categories":[9,22],"tags":[],"class_list":["post-3268","post","type-post","status-publish","format-standard","has-post-thumbnail","hentry","category-dogadanja","category-zanimljivosti"],"_links":{"self":[{"href":"https:\/\/taxi1717.hr\/nadogradnja\/wp-json\/wp\/v2\/posts\/3268","targetHints":{"allow":["GET"]}}],"collection":[{"href":"https:\/\/taxi1717.hr\/nadogradnja\/wp-json\/wp\/v2\/posts"}],"about":[{"href":"https:\/\/taxi1717.hr\/nadogradnja\/wp-json\/wp\/v2\/types\/post"}],"author":[{"embeddable":true,"href":"https:\/\/taxi1717.hr\/nadogradnja\/wp-json\/wp\/v2\/users\/1"}],"replies":[{"embeddable":true,"href":"https:\/\/taxi1717.hr\/nadogradnja\/wp-json\/wp\/v2\/comments?post=3268"}],"version-history":[{"count":0,"href":"https:\/\/taxi1717.hr\/nadogradnja\/wp-json\/wp\/v2\/posts\/3268\/revisions"}],"wp:featuredmedia":[{"embeddable":true,"href":"https:\/\/taxi1717.hr\/nadogradnja\/wp-json\/"}],"wp:attachment":[{"href":"https:\/\/taxi1717.hr\/nadogradnja\/wp-json\/wp\/v2\/media?parent=3268"}],"wp:term":[{"taxonomy":"category","embeddable":true,"href":"https:\/\/taxi1717.hr\/nadogradnja\/wp-json\/wp\/v2\/categories?post=3268"},{"taxonomy":"post_tag","embeddable":true,"href":"https:\/\/taxi1717.hr\/nadogradnja\/wp-json\/wp\/v2\/tags?post=3268"}],"curies":[{"name":"wp","href":"https:\/\/api.w.org\/{rel}","templated":true}]}}