{"id":3012,"date":"2022-05-30T16:25:47","date_gmt":"2022-05-30T16:25:47","guid":{"rendered":"https:\/\/radiotaxizagreb.com\/?p=3012"},"modified":"2023-11-27T23:10:59","modified_gmt":"2023-11-27T21:10:59","slug":"dan-grada-zagreba","status":"publish","type":"post","link":"https:\/\/taxi1717.hr\/nadogradnja\/hr\/2022\/05\/30\/dan-grada-zagreba\/","title":{"rendered":"Dan Grada Zagreba"},"content":{"rendered":"<p>Dan grada Zagreba obilje\u017eava se 31. svibnja na blagdan Majke Bo\u017eje od Kamenitih vrata, odnosno njegove za\u0161titnice.<\/p>\n<p>&nbsp;<\/p>\n<h2><strong>Doga\u0111anja povodom obilje\u017eavanja dana Zagreba <\/strong><\/h2>\n<p>&nbsp;<\/p>\n<p>Povodom obilje\u017eavanja Dana grada Zagreba, 31. svibnja, Turisti\u010dka zajednica grada Zagreba pripremila je, s partnerima, bogat program: besplatne razglede grada, predstave i radionice za najmla\u0111e, koncert na Zrinjevcu i ostala prigodna doga\u0111anja.<\/p>\n<p>Dan grada Zagreba ove godine \u0107e se simboli\u010dno obilje\u017eiti i u Sarajevu, u sklopu festivala\u00a0<em>Ja BiH<\/em>\u00a0gdje \u0107e se odr\u017eati izlo\u017eba na\u0161eg poznatog putopisca i fotografa, Davora Rostuhara, posve\u0107ena Zagrebu za njegov ro\u0111endan.<\/p>\n<p>&nbsp;<\/p>\n<p><a href=\"https:\/\/taxi1717.hr\/nadogradnja\/wp-content\/uploads\/2015\/06\/stari_zagreb-1.jpg\"><img loading=\"lazy\" decoding=\"async\" class=\"size-full wp-image-427 aligncenter\" src=\"https:\/\/taxi1717.hr\/nadogradnja\/wp-content\/uploads\/2015\/06\/stari_zagreb-1.jpg\" alt=\"\" width=\"800\" height=\"504\" \/><\/a><\/p>\n<p>&nbsp;<\/p>\n<p>&nbsp;<\/p>\n<h2><strong>Program doga\u0111anja 31.05.2022.<\/strong><\/h2>\n<p>&nbsp;<\/p>\n<h3><strong>Besplatni razgledi grada za gra\u0111ane:<\/strong><\/h3>\n<ul>\n<li><strong>14:00<\/strong>\u00a0Edukativni razgled grada za djecu &#8211; vodi\u010di Agramerice<br \/>\n<em>Polazak kod Mandu\u0161evca na Trgu bana Josipa Jela\u010di\u0107a<br \/>\nPrijava na tel: 091\/4975-921 ili e-mail:\u00a0<\/em><a href=\"mailto:palcica.agramerica@gmail.com\"><em>palcica.agramerica@gmail.com<\/em><\/a><\/li>\n<li><strong>18:30<\/strong>\u00a0Kostimirani razgled grada \u201eIz Zagorkina pera\u201c &#8211; vodi\u010dkinja Martina Findrik<br \/>\n<em>Polazak kod spomenika M.J. Zagorke u Tkal\u010di\u0107evoj ulici<br \/>\nPrijava na tel:\u00a0091\/6067-770 ili\u00a0e-mail:\u00a0<\/em>\u00a0<a href=\"mailto:findrik.martina@gmail.com\"><em>findrik.martina@gmail.com<\/em><\/a><\/li>\n<li><strong>19:30<\/strong>\u00a0Kostimirani razgled grada \u201eZagreba\u010dke za\u010darane pri\u010de\u201d &#8211; Purgerica<br \/>\n<em>Polazak kod Kule Lotr\u0161\u010dak<\/em><\/li>\n<\/ul>\n<p>&nbsp;<\/p>\n<h3><strong>Zagreba\u010dki vremeplov:<\/strong><\/h3>\n<p>Projekt Turisti\u010dke zajednice grada Zagreba koji za 2022. godinu zapo\u010dinje s Danom grada Zagreba, a uklju\u010duje razli\u010dite manifestacije te promovira bogatu pro\u0161lost Zagreba.<\/p>\n<ul>\n<li><strong>10:00 \u2013 12:00\u00a0<\/strong>Gornjogradske glazbene vedute (starogradske pjesme uli\u010dnih\u00a0\u00a0svira\u010da),\u00a0lokacije Gornji grad: Mleta\u010dka ulica, Markov trg, Kula Lotr\u0161\u010dak, Trg sv. Katarine, Strossmayerovo\u00a0\u0161etali\u0161te<\/li>\n<li><strong>11:30\u00a0<\/strong>Smjena stra\u017ee \u2013 Po\u010dasna satnija Kravat pukovnije<br \/>\nPo\u010detak ispred Etnografskog muzeja<\/li>\n<li><strong>17:00 \u2013 20:00<\/strong>\u00a0Gornji grad u pro\u0161losti, Gornji Grad<\/li>\n<\/ul>\n<p>&nbsp;<\/p>\n<h3><strong>Koncert Swingers band<\/strong><\/h3>\n<p>Park Zrinjevac na Trgu Nikole Zrinskog u 17:30 sati<\/p>\n<p>Koncert u trajanju od sat vremena desetero\u010dlanog sastava\u00a0<strong>\u201eSwingers band\u201c<\/strong>\u00a0u\u00a0<strong>Glazbenom paviljonu parka Zrinjevac u 17:30 sati<\/strong>.<\/p>\n<p>&nbsp;<\/p>\n<h3><strong>Program za djecu<\/strong><\/h3>\n<p>&nbsp;<\/p>\n<p><strong>(Park kralja Petra Kre\u0161imira IV.):<\/strong><\/p>\n<ul>\n<li><strong>17:00<\/strong>\u00a0Predstava za djecu \u201cStonoga Goga\u201d<\/li>\n<li><strong>18:00<\/strong>\u00a0Likovna radionica za djecu<\/li>\n<li><strong>19:00<\/strong>\u00a0Predstava za djecu \u201cLovci na snove\u201d<\/li>\n<\/ul>\n<p>&nbsp;<\/p>\n<p><strong>Program JU Maksimir (mala pozornica):<\/strong><\/p>\n<ul>\n<li><strong>09:30 \u2013 13:30<\/strong>\u00a0Radionica \u201cMali maksimirski rend\u017eeri&#8221;<\/li>\n<li><strong>11:00 \u2013 12:00<\/strong>\u00a0Predstava za djecu \u201c\u017div \u017eiv\u201d<\/li>\n<\/ul>\n<p>&nbsp;<\/p>\n<h3><strong>Ostali programi u JU Maksimir<\/strong><\/h3>\n<p><strong>Cijeli dan:<br \/>\n<\/strong>Izlo\u017eba nagra\u0111enih radova posjetitelja<br \/>\nIzlo\u017eba profesionalnog fotografa<br \/>\nIzlo\u017eba djelatnika Javne ustanove Maksimir<\/p>\n<p><strong>17:00 \u2013 20:00<\/strong>\u00a0Zeleni pub kviz + show (voditeljica: Marina Orsag)<\/p>\n<p>&nbsp;<\/p>\n<h3><strong>Dodatne aktivnosti u vrijeme Dana grada Zagreba:<\/strong><\/h3>\n<ul>\n<li><strong>19.05. \u2013 31.05.\u00a0<\/strong>Izlo\u017eba \u201cSpomenik kralju Tomislavu\u201d<\/li>\n<li><em>Trg kralja Tomislava, u organizaciji Gliptoteke HAZU (uz\u00a0 podr\u0161ku TZGZ<\/em>\u00a0<em>)<\/em><\/li>\n<li><strong>01.05. \u2013 01.11.\u00a0<\/strong>Cvjetne ko\u0161arice<\/li>\n<li><em>Vise\u0107i vrtovi na svjetiljkama Gornjeg i Donjeg grada (TZGZ)<\/em><\/li>\n<li><strong>31.5. u 19:00h<\/strong>\u00a0Svetkovina Majke Bo\u017eje od Kamenitih vrata<\/li>\n<\/ul>\n<p>&nbsp;<\/p>\n<p><em>*Izvor: <\/em><em>https:\/\/www.infozagreb.hr\/dan-grada-zagreba<\/em><\/p>\n<p><em>\u00a0<\/em><\/p>\n<p>Danas, na Dan dr\u017eavnosti RH, kao i na Dan grada Zagreba, odr\u017eat \u0107e se prigodna Smjena stra\u017ee po\u010dasne satnije Kravat pukovnije, a centrom grada \u0107e se pro\u0161etati i popularni likovi iz pro\u0161losti.<\/p>\n","protected":false},"excerpt":{"rendered":"<p>Dan grada Zagreba obilje\u017eava se 31. svibnja na blagdan Majke Bo\u017eje od Kamenitih vrata, odnosno njegove za\u0161titnice. &nbsp; Doga\u0111anja povodom obilje\u017eavanja dana Zagreba &nbsp; Povodom obilje\u017eavanja Dana grada Zagreba, 31. svibnja, Turisti\u010dka zajednica grada Zagreba pripremila je, s partnerima, bogat program: besplatne razglede grada, predstave i radionice za najmla\u0111e, koncert na Zrinjevcu i ostala prigodna [&hellip;]<\/p>\n","protected":false},"author":1,"featured_media":664,"comment_status":"open","ping_status":"open","sticky":false,"template":"","format":"standard","meta":{"_et_pb_use_builder":"","_et_pb_old_content":"","_et_gb_content_width":"","_monsterinsights_skip_tracking":false,"_monsterinsights_sitenote_active":false,"_monsterinsights_sitenote_note":"","_monsterinsights_sitenote_category":0,"footnotes":""},"categories":[9],"tags":[],"class_list":["post-3012","post","type-post","status-publish","format-standard","has-post-thumbnail","hentry","category-dogadanja"],"_links":{"self":[{"href":"https:\/\/taxi1717.hr\/nadogradnja\/wp-json\/wp\/v2\/posts\/3012","targetHints":{"allow":["GET"]}}],"collection":[{"href":"https:\/\/taxi1717.hr\/nadogradnja\/wp-json\/wp\/v2\/posts"}],"about":[{"href":"https:\/\/taxi1717.hr\/nadogradnja\/wp-json\/wp\/v2\/types\/post"}],"author":[{"embeddable":true,"href":"https:\/\/taxi1717.hr\/nadogradnja\/wp-json\/wp\/v2\/users\/1"}],"replies":[{"embeddable":true,"href":"https:\/\/taxi1717.hr\/nadogradnja\/wp-json\/wp\/v2\/comments?post=3012"}],"version-history":[{"count":1,"href":"https:\/\/taxi1717.hr\/nadogradnja\/wp-json\/wp\/v2\/posts\/3012\/revisions"}],"predecessor-version":[{"id":4376,"href":"https:\/\/taxi1717.hr\/nadogradnja\/wp-json\/wp\/v2\/posts\/3012\/revisions\/4376"}],"wp:featuredmedia":[{"embeddable":true,"href":"https:\/\/taxi1717.hr\/nadogradnja\/wp-json\/"}],"wp:attachment":[{"href":"https:\/\/taxi1717.hr\/nadogradnja\/wp-json\/wp\/v2\/media?parent=3012"}],"wp:term":[{"taxonomy":"category","embeddable":true,"href":"https:\/\/taxi1717.hr\/nadogradnja\/wp-json\/wp\/v2\/categories?post=3012"},{"taxonomy":"post_tag","embeddable":true,"href":"https:\/\/taxi1717.hr\/nadogradnja\/wp-json\/wp\/v2\/tags?post=3012"}],"curies":[{"name":"wp","href":"https:\/\/api.w.org\/{rel}","templated":true}]}}