{"id":3007,"date":"2022-05-28T08:02:01","date_gmt":"2022-05-28T08:02:01","guid":{"rendered":"https:\/\/radiotaxizagreb.com\/?p=3007"},"modified":"2022-05-28T08:02:01","modified_gmt":"2022-05-28T08:02:01","slug":"zagreb-dobiva-novu-pjesacku-zonu","status":"publish","type":"post","link":"https:\/\/taxi1717.hr\/hr\/nadogradnja\/2022\/05\/28\/zagreb-dobiva-novu-pjesacku-zonu\/","title":{"rendered":"Zagreb dobiva novu pje\u0161a\u010dku zonu"},"content":{"rendered":"<p>Iako je danas trebalo biti sve\u010dano otvaranje nove pje\u0161a\u010dke zone u Staroj Vla\u0161koj, gradona\u010delnik ga je odgodio zbog najavljenih nepovoljnih vremenskih uvjeta.<\/p>\n<p>&nbsp;<\/p>\n<p>&nbsp;<\/p>\n<h2><strong>Pje\u0161a\u010dka zona u sredi\u0161tu Grada<\/strong><\/h2>\n<p>&nbsp;<\/p>\n<p>Jedna od najpoznatijih zagreba\u010dkih ulica, Stara Vla\u0161ka, od danas na potezu od Dra\u0161kovi\u0107eve do Palmoti\u0107eve, postaje zona za pje\u0161ake.<\/p>\n<p>Iako je sve\u010dano otvorenje odgo\u0111eno za nedjelju, 5. lipnja 2022. kada se obilje\u017eava i Svjetski dan okoli\u0161a, pje\u0161a\u010dka zona bit \u0107e u funkciji s dana\u0161njim danom.<\/p>\n<p>Pje\u0161a\u010dku zonu krasit \u0107e deset kru\u017enih, betonskih \u017eardinjera koje su ujedno i klupe, zatim pet \u017eardinjera trometarskog promjera za stabla\u0161ice, te pet \u017eardinjera jednometarskog promjera koje su rezervirane za grmolike biljke.<\/p>\n<p>Promet za automobile je zatvoren, a od nedjelje su ondje pomaknuta parkirali\u0161na mjesta. Prostor \u0107e ostati pristupa\u010dan za interventna vozila,\u00a0dostavu i za stanare.<\/p>\n<p>Projekt pje\u0161a\u010dke Vla\u0161ke nastao je u partnerstvu kopenhagenskog arhitektonskog studija Healthy Systems i zagreba\u010dkog Studija ii, no rije\u010d je samo o privremenoj preobrazbi Vla\u0161ke ulice jer je za trajnu preobrazbu potrebno provesti javni urbanisti\u010dki plan i natje\u010daj.<\/p>\n<p>&nbsp;<\/p>\n<h2><strong>\u0160to nas \u010deka na otvorenju?<\/strong><\/h2>\n<p>&nbsp;<\/p>\n<p>Na sve\u010danom otvorenju, 5. lipnja 2022., djeca iz obli\u017enjih \u0161kola \u0107e zajedno s uli\u010dnim umjetnicima oslikati prostor.<\/p>\n<p>Planiran je i glazbeni program, kao i sajam obrtnika koji bi trebao podsjetiti na ono \u0161to je Vla\u0161ka prije bila \u2013 ulica obrtnika.<\/p>\n<p>&nbsp;<\/p>\n<p>Dakle, od danas \u0107e pje\u0161aci neometano mo\u0107i u\u017eivati u sadr\u017eajima koji se nude u jednoj od najpoznatijih ulica grada Zagreba, a parkiranje i zaustavljanje vozila na toj lokaciji vi\u0161e ne\u0107e biti mogu\u0107e.<\/p>\n","protected":false},"excerpt":{"rendered":"<p>Iako je danas trebalo biti sve\u010dano otvaranje nove pje\u0161a\u010dke zone u Staroj Vla\u0161koj, gradona\u010delnik ga je odgodio zbog najavljenih nepovoljnih vremenskih uvjeta. &nbsp; &nbsp; Pje\u0161a\u010dka zona u sredi\u0161tu Grada &nbsp; Jedna od najpoznatijih zagreba\u010dkih ulica, Stara Vla\u0161ka, od danas na potezu od Dra\u0161kovi\u0107eve do Palmoti\u0107eve, postaje zona za pje\u0161ake. Iako je sve\u010dano otvorenje odgo\u0111eno za [&hellip;]<\/p>\n","protected":false},"author":1,"featured_media":615,"comment_status":"open","ping_status":"open","sticky":false,"template":"","format":"standard","meta":{"_et_pb_use_builder":"","_et_pb_old_content":"","_et_gb_content_width":"","_monsterinsights_skip_tracking":false,"_monsterinsights_sitenote_active":false,"_monsterinsights_sitenote_note":"","_monsterinsights_sitenote_category":0,"footnotes":""},"categories":[9],"tags":[],"class_list":["post-3007","post","type-post","status-publish","format-standard","has-post-thumbnail","hentry","category-dogadanja"],"_links":{"self":[{"href":"https:\/\/taxi1717.hr\/nadogradnja\/wp-json\/wp\/v2\/posts\/3007","targetHints":{"allow":["GET"]}}],"collection":[{"href":"https:\/\/taxi1717.hr\/nadogradnja\/wp-json\/wp\/v2\/posts"}],"about":[{"href":"https:\/\/taxi1717.hr\/nadogradnja\/wp-json\/wp\/v2\/types\/post"}],"author":[{"embeddable":true,"href":"https:\/\/taxi1717.hr\/nadogradnja\/wp-json\/wp\/v2\/users\/1"}],"replies":[{"embeddable":true,"href":"https:\/\/taxi1717.hr\/nadogradnja\/wp-json\/wp\/v2\/comments?post=3007"}],"version-history":[{"count":0,"href":"https:\/\/taxi1717.hr\/nadogradnja\/wp-json\/wp\/v2\/posts\/3007\/revisions"}],"wp:featuredmedia":[{"embeddable":true,"href":"https:\/\/taxi1717.hr\/nadogradnja\/wp-json\/"}],"wp:attachment":[{"href":"https:\/\/taxi1717.hr\/nadogradnja\/wp-json\/wp\/v2\/media?parent=3007"}],"wp:term":[{"taxonomy":"category","embeddable":true,"href":"https:\/\/taxi1717.hr\/nadogradnja\/wp-json\/wp\/v2\/categories?post=3007"},{"taxonomy":"post_tag","embeddable":true,"href":"https:\/\/taxi1717.hr\/nadogradnja\/wp-json\/wp\/v2\/tags?post=3007"}],"curies":[{"name":"wp","href":"https:\/\/api.w.org\/{rel}","templated":true}]}}