{"id":2965,"date":"2022-04-08T18:02:29","date_gmt":"2022-04-08T18:02:29","guid":{"rendered":"https:\/\/radiotaxizagreb.com\/?p=2965"},"modified":"2022-04-08T18:02:29","modified_gmt":"2022-04-08T18:02:29","slug":"zbogom-maske","status":"publish","type":"post","link":"https:\/\/taxi1717.hr\/nadogradnja\/hr\/2022\/04\/08\/zbogom-maske\/","title":{"rendered":"Zbogom maske!"},"content":{"rendered":"<p>Nakon ne\u0161to vi\u0161e od dvije godine mjera i no\u0161enja maski, kona\u010dno je do\u0161ao dan da se pozdravimo s maskama jer gotovo sve odluke Sto\u017eera vi\u0161e nisu na snazi.<\/p>\n<p>&nbsp;<\/p>\n<h2><strong>Popu\u0161tanje mjera <\/strong><\/h2>\n<p>&nbsp;<\/p>\n<p>Aktualne protuepidemijske mjere ukidaju se u prvim minutama subote, odnosno od danas u pono\u0107 \u0161to zna\u010di da \u0107e gra\u0111ani nakon vi\u0161e od dvije godine kona\u010dno mo\u0107i \u201epartijati\u201c do jutra bez ikakvih ograni\u010denja.<\/p>\n<p>Nacionalni sto\u017eer civilne za\u0161tite od subote ukida gotovo sve protuepidemijske mjere u Hrvatskoj, a na snazi ostaju samo obveza kori\u0161tenja maske u zdravstvenom sustavu i socijali, te obveza predo\u010denja covid potvrde za dr\u017eavljane tre\u0107ih zemalja pri ulasku u Hrvatsku.<\/p>\n<p>U svim drugim situacijama koje su procijenjene kao niskorizi\u010dne, no\u0161enje maske vrijedit \u0107e samo kao preporuka, te \u0107e to biti individualna odluka pojedinca, a neno\u0161enje maske vi\u0161e ne\u0107e biti predmet sankcioniranja.<\/p>\n<p>Iako Sto\u017eer ne \u017eeli jo\u0161 uvijek slu\u017ebeno proglasiti kraj pandemije, ukidanje dosada\u0161njih mjera ve\u0107ina \u0107e ipak shvatiti kao povratak normalnom \u017eivotu kakvog smo poznavali prije pojave koronavirusa.<\/p>\n<p>&nbsp;<\/p>\n<p><a href=\"https:\/\/taxi1717.hr\/nadogradnja\/wp-content\/uploads\/2022\/04\/zbogom-maske.jpeg\"><img loading=\"lazy\" decoding=\"async\" class=\"size-full wp-image-2968 aligncenter\" src=\"https:\/\/taxi1717.hr\/nadogradnja\/wp-content\/uploads\/2022\/04\/zbogom-maske.jpeg\" alt=\"\" width=\"500\" height=\"750\" \/><\/a><\/p>\n<p>&nbsp;<\/p>\n<h2><strong>Povratak normalnom \u017eivotu bez maski <\/strong><\/h2>\n<p><strong>\u00a0<\/strong><\/p>\n<p>Dvije godine smo \u017eivjeli ograni\u010deni raznim mjerama od kojih mnoge nisu imale smisla. Iako je u po\u010detku zavladao strah i panika zbog pojave novog virusa, te smo se svi dr\u017eali mjera, zatvarali u svoje domove i nosili maske, vrlo brzo su krenula razna propitkivanja o stvarnoj opasnosti koju je ovaj virus nosio.<\/p>\n<p>Mediji su samo dodatno \u0161irili paniku prikazuju\u0107i slike mrtvih koji su le\u017eali na ulicama, a koje zapravo nismo vidjeli u\u017eivo, zatim se nakon pojave cjepiva broj oboljelih znatno pove\u0107ao, a svejedno i dalje gra\u0111ane pozivaju da do\u0111u po novu dozu\u2026<\/p>\n<p>Dok su nama bila zabranjena \u010dak i obiteljska dru\u017eenja, na politi\u010dkim skupovima nitko nije nosio masku, a dolaskom turisti\u010dke sezone, preko no\u0107i je opasnost od zaraze nestajala. Iako se fizi\u010dka aktivnost uvijek preporu\u010duje radi o\u010duvanja zdravlja, posebno jer smo mi Hrvati me\u0111u najdebljim nacijama na svijetu, sport je za vrijeme pandemije tako\u0111er bio zabranjen\u2026<\/p>\n<p>Bilo je tu jo\u0161 mnogo nelogi\u010dnosti i mjera koje nisu imale smisla, odnosno za jedan dio gra\u0111ana su vrijedile, a za drugi ne, no ostavit \u0107emo to sve iza sebe i ovaj tekst zavr\u0161iti u pozitivnom tonu.<\/p>\n<p>Ukidanje mjera i no\u0161enja maski \u010dekali smo dvije duge godine i sada smo kona\u010dno do\u010dekali i taj dan.<\/p>\n<p>Dru\u0161tveni \u017eivot vi\u0161e nema ograni\u010denja, te svi skupa ovaj vikend mo\u017eemo proslaviti kraj ovog mu\u010dnog razdoblja.<\/p>\n<p>Svi vi koje ste odlu\u010dili iza\u0107i van u klubove i uz pjesmu i ples proslaviti ukidanje svih mjera, slobodno se opustite i popijte i koje pi\u0107e jer TAXI 1717 je tu za vas i pobrinut \u0107emo se da nakon cijele no\u0107i partijanja sretno i sigurno stignete svojim ku\u0107ama.<\/p>\n<p>&nbsp;<\/p>\n<p><a href=\"https:\/\/taxi1717.hr\/nadogradnja\/wp-content\/uploads\/2021\/05\/festival-staro-normalno.jpeg\"><img loading=\"lazy\" decoding=\"async\" class=\" wp-image-2530 aligncenter\" src=\"https:\/\/taxi1717.hr\/nadogradnja\/wp-content\/uploads\/2021\/05\/festival-staro-normalno.jpeg\" alt=\"\" width=\"638\" height=\"425\" \/><\/a><\/p>\n<p>&nbsp;<\/p>\n","protected":false},"excerpt":{"rendered":"<p>Nakon ne\u0161to vi\u0161e od dvije godine mjera i no\u0161enja maski, kona\u010dno je do\u0161ao dan da se pozdravimo s maskama jer gotovo sve odluke Sto\u017eera vi\u0161e nisu na snazi. &nbsp; Popu\u0161tanje mjera &nbsp; Aktualne protuepidemijske mjere ukidaju se u prvim minutama subote, odnosno od danas u pono\u0107 \u0161to zna\u010di da \u0107e gra\u0111ani nakon vi\u0161e od dvije [&hellip;]<\/p>\n","protected":false},"author":1,"featured_media":2967,"comment_status":"open","ping_status":"open","sticky":false,"template":"","format":"standard","meta":{"_et_pb_use_builder":"","_et_pb_old_content":"","_et_gb_content_width":"","_monsterinsights_skip_tracking":false,"_monsterinsights_sitenote_active":false,"_monsterinsights_sitenote_note":"","_monsterinsights_sitenote_category":0,"footnotes":""},"categories":[9,22],"tags":[],"class_list":["post-2965","post","type-post","status-publish","format-standard","has-post-thumbnail","hentry","category-dogadanja","category-zanimljivosti"],"_links":{"self":[{"href":"https:\/\/taxi1717.hr\/nadogradnja\/wp-json\/wp\/v2\/posts\/2965","targetHints":{"allow":["GET"]}}],"collection":[{"href":"https:\/\/taxi1717.hr\/nadogradnja\/wp-json\/wp\/v2\/posts"}],"about":[{"href":"https:\/\/taxi1717.hr\/nadogradnja\/wp-json\/wp\/v2\/types\/post"}],"author":[{"embeddable":true,"href":"https:\/\/taxi1717.hr\/nadogradnja\/wp-json\/wp\/v2\/users\/1"}],"replies":[{"embeddable":true,"href":"https:\/\/taxi1717.hr\/nadogradnja\/wp-json\/wp\/v2\/comments?post=2965"}],"version-history":[{"count":0,"href":"https:\/\/taxi1717.hr\/nadogradnja\/wp-json\/wp\/v2\/posts\/2965\/revisions"}],"wp:featuredmedia":[{"embeddable":true,"href":"https:\/\/taxi1717.hr\/nadogradnja\/wp-json\/"}],"wp:attachment":[{"href":"https:\/\/taxi1717.hr\/nadogradnja\/wp-json\/wp\/v2\/media?parent=2965"}],"wp:term":[{"taxonomy":"category","embeddable":true,"href":"https:\/\/taxi1717.hr\/nadogradnja\/wp-json\/wp\/v2\/categories?post=2965"},{"taxonomy":"post_tag","embeddable":true,"href":"https:\/\/taxi1717.hr\/nadogradnja\/wp-json\/wp\/v2\/tags?post=2965"}],"curies":[{"name":"wp","href":"https:\/\/api.w.org\/{rel}","templated":true}]}}