{"id":2937,"date":"2022-03-16T21:21:28","date_gmt":"2022-03-16T21:21:28","guid":{"rendered":"https:\/\/radiotaxizagreb.com\/?p=2937"},"modified":"2022-03-16T21:21:28","modified_gmt":"2022-03-16T21:21:28","slug":"povratak-na-staro-normalno","status":"publish","type":"post","link":"https:\/\/taxi1717.hr\/nadogradnja\/hr\/2022\/03\/16\/povratak-na-staro-normalno\/","title":{"rendered":"Povratak na \u201estaro normalno\u201c"},"content":{"rendered":"<p>Gotovo nitko u o\u017eujku 2020. godine, kada se kod nas pojavila korona, nije mislio da \u0107emo dvije godine kasnije i dalje muku mu\u010diti s tim virusom i nositi maske kad idemo u trgovinu\u2026<\/p>\n<p>No stvarnost je takva kakva jest, a nakon dvije godine kona\u010dno se nazire svjetlo na kraju tunela.<\/p>\n<p>&nbsp;<\/p>\n<h2><strong>Maske i lockdown<\/strong><\/h2>\n<p>&nbsp;<\/p>\n<p><a href=\"https:\/\/taxi1717.hr\/nadogradnja\/wp-content\/uploads\/2022\/03\/maske-i-novo-normalno.jpeg\"><img loading=\"lazy\" decoding=\"async\" class=\"size-large wp-image-2938 aligncenter\" src=\"https:\/\/taxi1717.hr\/nadogradnja\/wp-content\/uploads\/2022\/03\/maske-i-novo-normalno-1024x683.jpeg\" alt=\"\" width=\"1024\" height=\"683\" \/><\/a><\/p>\n<p>&nbsp;<\/p>\n<p>Jo\u0161 malo i bit \u0107e to\u010dno dvije godine od po\u010detka prvog lockdowna koji je bio najava \u201enovog normalnog\u201c.<\/p>\n<p>Niti mi, \u201eobi\u010dni\u201c gra\u0111ani, a ni stru\u010dnjaci u po\u010detku nisu znali mnogo o novom virusu, te smo vjerovali da \u0107e nas zatvaranje u ku\u0107e i stanove, no\u0161enje maski i ograni\u010davanje ljudskog kontakta spasiti od te nove bolesti.<\/p>\n<p>Cijeli svijet kao da se zaustavio. Kafi\u0107i, restorani, no\u0107ni klubovi i trgova\u010dki centri zatvoreni su, sav dru\u0161tveni \u017eivot je pauziran, djeca nisu i\u0161la u \u0161kolu i na fakultete, radili smo od ku\u0107e, a na ulaz u trgovine s osnovnim potrep\u0161tinama \u010dekali smo u redovima.<\/p>\n<p>Svakoga tko nije nosio masku zaobilazili smo u \u0161irokom luku, te nas je postalo strah i zaka\u0161ljati se da \u00a0ne bi netko pomislio da smo zara\u017eeni.<\/p>\n<p>S vremenom je taj po\u010detni strah malo oslabio, no ludilo se nastavilo i dalje, do danas. Ve\u0107 dvije godine slu\u0161amo o \u201eklju\u010dna naredna dva tjedna\u201c, novim mjerama i ograni\u010denjima koja \u010desto i nemaju previ\u0161e smisla, a maske imamo u svakoj torbi i po svim d\u017eepovima.<\/p>\n<p>A da ne spominjemo ludnicu oko cjepiva i covid potvrda\u2026<\/p>\n<p>&nbsp;<\/p>\n<h2><strong>Ubla\u017eavanje mjera<\/strong><\/h2>\n<p>&nbsp;<\/p>\n<p>Te\u0161ko se toliko dugo nositi sa ovim \u201enovim normalnim\u201c kako djeci, tako i mladima, i onima malo starijima, \u00a0ali \u010dini se da \u0107emo uskoro opet mo\u0107i iza\u0107i iz ovih ograni\u010denja i izolacija.<\/p>\n<p>Sve vi\u0161e zemalja po\u010delo je ukidati covid mjere. Me\u0111u europskim zemljama koje su ukinule sve mjere su Danska, Norve\u0161ka, Slovenija, Francuska, Velika Britanija, Irska, Nizozemska, Italija (Italija ukida sve mjere 31. o\u017eujka), a izgleda da \u0107emo i mi slijediti te primjere.<\/p>\n<p>Sto\u017eer je najavio kako Hrvatska ovaj tjedan ide u novo popu\u0161tanje mjera, a popu\u0161tanje mjera odnosi se na pove\u0107anje broja ljudi na okupljanjima, produ\u017eetak radnog vremena za no\u0107ne klubove. Dopustit \u0107e se i punjenje sportskih stadiona, a \u0161to se ti\u010de kulturnih doga\u0111anja, ukida se ograni\u010denje na \u010detiri metra kvadratna. Tako\u0111er je najavljena i promjena kod izolacije vrti\u0107ke djece.<\/p>\n<p>\u0160to se famoznih maski ti\u010de, one jo\u0161 neko vrijeme kod nas ostaju obavezne u zatvorenim prostorima.<\/p>\n<p>&nbsp;<\/p>\n<h2><strong>Povratak na \u201estaro normalno\u201c<\/strong><\/h2>\n<p>&nbsp;<\/p>\n<p><a href=\"https:\/\/taxi1717.hr\/nadogradnja\/wp-content\/uploads\/2022\/03\/koncerti-staro-normalno.jpeg\"><img loading=\"lazy\" decoding=\"async\" class=\"size-large wp-image-2939 aligncenter\" src=\"https:\/\/taxi1717.hr\/nadogradnja\/wp-content\/uploads\/2022\/03\/koncerti-staro-normalno-1024x683.jpeg\" alt=\"\" width=\"1024\" height=\"683\" \/><\/a><\/p>\n<p><strong>\u00a0<\/strong><\/p>\n<p>U srpnju 2020. jedan od najboljih rukovoditelja koncerta i\u00a0najmo\u0107nijih ljudi u glazbenoj industriji, Marc Geiger, izjavio je kako\u00a0vjeruje da se glazba u\u017eivo ne\u0107e u potpunosti vratiti do 2022. godine. I, na\u017ealost, bio je u pravu\u2026<\/p>\n<p>Ono \u0161to mnoge veseli jest povratak koncerata. Tako smo nakon dvije godine pauze, kona\u010dno otvorili sezonu koncerata. \u00a0Za koji dan, to\u010dnije 18. i 19.3.2022., u Areni Zagreb pjevat \u0107e nam Petar Gra\u0161o, a iza njega slijede i nastupi Parnog Valjka i \u017deljka Joksimovi\u0107a.<\/p>\n<p>A koliko su ljudima nedostajali koncerti i sli\u010dna doga\u0111anja, te koliko su \u017eeljno i\u0161\u010dekivali povratak istih, govori \u010dinjenica da su karte za Gra\u0161in koncert gotovo sve rasprodane, i to za oba dana.<\/p>\n<p>&nbsp;<\/p>\n<p>Nakon svih lo\u0161ih vijesti, neda\u0107a i ograni\u010denja, glazba, zabava i dru\u017eenja su upravo ono \u0161to nam je svima potrebno. \u010covjek je prvenstveno stvoren kao dru\u0161tveno bi\u0107e, te svako ograni\u010davanje kontakta i izolacija negativno utje\u010du na ljude kako psihi\u010dki, tako i fizi\u010dki.<\/p>\n<p>\u0160to vi\u0161e re\u0107i osim da se veselimo novim doga\u0111anjima i nadamo se kako je ovo jo\u0161 jedan korak bli\u017ee povratku na \u201estaro normalno\u201c koje \u010dekamo ve\u0107 gotovo dvije godine\u2026<\/p>\n","protected":false},"excerpt":{"rendered":"<p>Gotovo nitko u o\u017eujku 2020. godine, kada se kod nas pojavila korona, nije mislio da \u0107emo dvije godine kasnije i dalje muku mu\u010diti s tim virusom i nositi maske kad idemo u trgovinu\u2026 No stvarnost je takva kakva jest, a nakon dvije godine kona\u010dno se nazire svjetlo na kraju tunela. &nbsp; Maske i lockdown &nbsp; [&hellip;]<\/p>\n","protected":false},"author":1,"featured_media":2939,"comment_status":"open","ping_status":"open","sticky":false,"template":"","format":"standard","meta":{"_et_pb_use_builder":"","_et_pb_old_content":"","_et_gb_content_width":"","_monsterinsights_skip_tracking":false,"_monsterinsights_sitenote_active":false,"_monsterinsights_sitenote_note":"","_monsterinsights_sitenote_category":0,"footnotes":""},"categories":[9,22],"tags":[],"class_list":["post-2937","post","type-post","status-publish","format-standard","has-post-thumbnail","hentry","category-dogadanja","category-zanimljivosti"],"_links":{"self":[{"href":"https:\/\/taxi1717.hr\/nadogradnja\/wp-json\/wp\/v2\/posts\/2937","targetHints":{"allow":["GET"]}}],"collection":[{"href":"https:\/\/taxi1717.hr\/nadogradnja\/wp-json\/wp\/v2\/posts"}],"about":[{"href":"https:\/\/taxi1717.hr\/nadogradnja\/wp-json\/wp\/v2\/types\/post"}],"author":[{"embeddable":true,"href":"https:\/\/taxi1717.hr\/nadogradnja\/wp-json\/wp\/v2\/users\/1"}],"replies":[{"embeddable":true,"href":"https:\/\/taxi1717.hr\/nadogradnja\/wp-json\/wp\/v2\/comments?post=2937"}],"version-history":[{"count":0,"href":"https:\/\/taxi1717.hr\/nadogradnja\/wp-json\/wp\/v2\/posts\/2937\/revisions"}],"wp:featuredmedia":[{"embeddable":true,"href":"https:\/\/taxi1717.hr\/nadogradnja\/wp-json\/"}],"wp:attachment":[{"href":"https:\/\/taxi1717.hr\/nadogradnja\/wp-json\/wp\/v2\/media?parent=2937"}],"wp:term":[{"taxonomy":"category","embeddable":true,"href":"https:\/\/taxi1717.hr\/nadogradnja\/wp-json\/wp\/v2\/categories?post=2937"},{"taxonomy":"post_tag","embeddable":true,"href":"https:\/\/taxi1717.hr\/nadogradnja\/wp-json\/wp\/v2\/tags?post=2937"}],"curies":[{"name":"wp","href":"https:\/\/api.w.org\/{rel}","templated":true}]}}