{"id":2918,"date":"2022-02-28T15:53:24","date_gmt":"2022-02-28T15:53:24","guid":{"rendered":"https:\/\/radiotaxizagreb.com\/?p=2918"},"modified":"2022-02-28T15:53:24","modified_gmt":"2022-02-28T15:53:24","slug":"zasto-veljaca-ima-28-dana","status":"publish","type":"post","link":"https:\/\/taxi1717.hr\/nadogradnja\/hr\/2022\/02\/28\/zasto-veljaca-ima-28-dana\/","title":{"rendered":"Za\u0161to velja\u010da ima 28 dana?"},"content":{"rendered":"<p>Velja\u010da je drugi i najkra\u0107i mjesec u godini koji svake \u010detiri godine dobije dodatni dan.<\/p>\n<p>Stariji hrvatski nazivi za velja\u010du u pojedinim krajevima bili su: sve\u010den, svi\u010dan (prema blagdanu Svije\u0107nici), <em>\u00a0<\/em>veljak, veja\u010da, ferar\u2026<\/p>\n<p>A za\u0161to velja\u010da ima 28, odnosno 29 dana u prijestupnoj godini, mo\u017eemo zahvaliti starim Rimljanima.<\/p>\n<p>&nbsp;<\/p>\n<p><a href=\"https:\/\/taxi1717.hr\/nadogradnja\/wp-content\/uploads\/2022\/02\/Beige-Cute-Illustration-Calender-February-2022-Instagram-Post.jpg\"><img loading=\"lazy\" decoding=\"async\" class=\"size-large wp-image-2919 aligncenter\" src=\"https:\/\/taxi1717.hr\/nadogradnja\/wp-content\/uploads\/2022\/02\/Beige-Cute-Illustration-Calender-February-2022-Instagram-Post-1024x1024.jpg\" alt=\"\" width=\"1024\" height=\"1024\" \/><\/a><\/p>\n<p>&nbsp;<\/p>\n<h2><strong>10 kalendarskih mjeseci <\/strong><\/h2>\n<p>&nbsp;<\/p>\n<p>Prvi rimski kralj, Romul, uveo je ra\u010dunanje vremena prema 10 kalendarskih mjeseci koji su se po\u010deli ra\u010dunati od proljetnog ekvinocija.<\/p>\n<p>Redoslijed mjeseci i broj dana tada je izgledao ovako: Martius 31 dan, Aprilius 30 dana, Maius 31 dan, Junius 30 dana, Quintilis 31 dan, Sextilis 30 dana, September 30 dana, October 31 dan, November 30 dana i December 30 dana.<\/p>\n<p>Kao \u0161to mo\u017eemo vidjeti, sije\u010danj i velja\u010da prvotno nisu postojali, a kalendarska godina imala je 304 dana.<\/p>\n<p>&nbsp;<\/p>\n<h2><strong>12 lunarnih ciklusa <\/strong><\/h2>\n<p>&nbsp;<\/p>\n<p>Kako je vrijeme prolazilo, tako je dolazilo do sve ve\u0107ih problema jer se jedna \u0161estina godine potpuno zanemarivala.<\/p>\n<p>To je promijenio drugi rimski kralj Numa Pompilije koji je 713. godine prije nove ere poravnao kalendar s 12 lunarnih ciklusa. On je uveo sije\u010danj i velja\u010du na kraj kalendarske godine i time do\u0161ao do 355 dana u godini.<\/p>\n<p>No kako su stari Rimljani vjerovali da parni brojevi donose nesre\u0107u, nekim su mjesecima dani dodani, a nekima oduzeti. Unato\u010d tome, velja\u010da je ostala na 28 dana.<\/p>\n<p>Nova godina s dodatna dva mjeseca imala je 355 dana, no ni to nije funkcioniralo jer su se godi\u0161nja doba poremetila.<\/p>\n<p>Kako bi to ispravili, Rimljani su povremeno ubacivali prijestupni mjesec koji su zvali Mercedonius. Tada bi jednostavno izbrisali zadnjih nekoliko dana velja\u010de i prijestupni mjesec bi po\u010deo 24. velja\u010de.<\/p>\n<p>&nbsp;<\/p>\n<h2><strong>Julije Cezar sredio stvar \u00a0<\/strong><\/h2>\n<p><strong>\u00a0<\/strong><\/p>\n<p>Kako nije bilo nekog to\u010dnog reda za ubacivanje prijestupnog mjeseca, Julije Cezar napravio je reformu kalendara.<\/p>\n<p>Kako bi izjedna\u010dio sve \u0161to je bilo u neskladu, 46. godina prije nove ere, godine je trajala 445 dana.<\/p>\n<p>Cezar je kalendar poravnao sa suncem umjesto s mjesecom, te je nekim mjesecima dodao dan ne bi li do\u0161ao do broja 365.<\/p>\n<p>Tako je Cezar dodao 10 dana kalendaru i dodatni dan u velja\u010di svake \u010detiri godine (jer tropska godina traje malo dulje). Nakon toga je godina u prosjeku trajala 365,25 dana \u0161to je vrlo blizu stvarnoj prosje\u010dnoj duljini od 365,2425 dana.<\/p>\n<p>&nbsp;<\/p>\n<p>Ako vas je ikada mu\u010dilo za\u0161to velja\u010da ima 28 dana, sada ste dobili odgovor. \ud83d\ude0a<\/p>\n<p>U ovom kratkom videu, tako\u0111er, mo\u017eete pogledati obja\u0161njenje za\u0161to velja\u010da ima 28 dana. Osim kad ima 29 dana\u2026.<\/p>\n<p><iframe loading=\"lazy\" title=\"Why Does February Only Have 28 Days?\" width=\"1080\" height=\"608\" src=\"https:\/\/www.youtube.com\/embed\/AgKaHTh-_Gs?start=2&#038;feature=oembed\"  allow=\"accelerometer; autoplay; clipboard-write; encrypted-media; gyroscope; picture-in-picture\" allowfullscreen><\/iframe><\/p>\n<p>&nbsp;<\/p>\n","protected":false},"excerpt":{"rendered":"<p>Velja\u010da je drugi i najkra\u0107i mjesec u godini koji svake \u010detiri godine dobije dodatni dan. Stariji hrvatski nazivi za velja\u010du u pojedinim krajevima bili su: sve\u010den, svi\u010dan (prema blagdanu Svije\u0107nici), \u00a0veljak, veja\u010da, ferar\u2026 A za\u0161to velja\u010da ima 28, odnosno 29 dana u prijestupnoj godini, mo\u017eemo zahvaliti starim Rimljanima. &nbsp; &nbsp; 10 kalendarskih mjeseci &nbsp; Prvi [&hellip;]<\/p>\n","protected":false},"author":1,"featured_media":2919,"comment_status":"open","ping_status":"open","sticky":false,"template":"","format":"standard","meta":{"_et_pb_use_builder":"","_et_pb_old_content":"","_et_gb_content_width":"","_monsterinsights_skip_tracking":false,"_monsterinsights_sitenote_active":false,"_monsterinsights_sitenote_note":"","_monsterinsights_sitenote_category":0,"footnotes":""},"categories":[22],"tags":[],"class_list":["post-2918","post","type-post","status-publish","format-standard","has-post-thumbnail","hentry","category-zanimljivosti"],"_links":{"self":[{"href":"https:\/\/taxi1717.hr\/nadogradnja\/wp-json\/wp\/v2\/posts\/2918","targetHints":{"allow":["GET"]}}],"collection":[{"href":"https:\/\/taxi1717.hr\/nadogradnja\/wp-json\/wp\/v2\/posts"}],"about":[{"href":"https:\/\/taxi1717.hr\/nadogradnja\/wp-json\/wp\/v2\/types\/post"}],"author":[{"embeddable":true,"href":"https:\/\/taxi1717.hr\/nadogradnja\/wp-json\/wp\/v2\/users\/1"}],"replies":[{"embeddable":true,"href":"https:\/\/taxi1717.hr\/nadogradnja\/wp-json\/wp\/v2\/comments?post=2918"}],"version-history":[{"count":0,"href":"https:\/\/taxi1717.hr\/nadogradnja\/wp-json\/wp\/v2\/posts\/2918\/revisions"}],"wp:featuredmedia":[{"embeddable":true,"href":"https:\/\/taxi1717.hr\/nadogradnja\/wp-json\/"}],"wp:attachment":[{"href":"https:\/\/taxi1717.hr\/nadogradnja\/wp-json\/wp\/v2\/media?parent=2918"}],"wp:term":[{"taxonomy":"category","embeddable":true,"href":"https:\/\/taxi1717.hr\/nadogradnja\/wp-json\/wp\/v2\/categories?post=2918"},{"taxonomy":"post_tag","embeddable":true,"href":"https:\/\/taxi1717.hr\/nadogradnja\/wp-json\/wp\/v2\/tags?post=2918"}],"curies":[{"name":"wp","href":"https:\/\/api.w.org\/{rel}","templated":true}]}}