{"id":2550,"date":"2021-06-22T13:32:23","date_gmt":"2021-06-22T13:32:23","guid":{"rendered":"https:\/\/radiotaxizagreb.com\/?p=2550"},"modified":"2021-06-22T13:32:23","modified_gmt":"2021-06-22T13:32:23","slug":"dan-antifasisticke-borbe","status":"publish","type":"post","link":"https:\/\/taxi1717.hr\/nadogradnja\/hr\/2021\/06\/22\/dan-antifasisticke-borbe\/","title":{"rendered":"Dan antifa\u0161isti\u010dke borbe"},"content":{"rendered":"<p>Dan antifa\u0161isti\u010dke borbe obilje\u017eava se 22. lipnja u znak sje\u0107anja na osnivanje Prvog sisa\u010dkog partizanskog odreda 1941. godine, koji je ujedno bio i prva antifa\u0161isti\u010dka postrojba u ovom dijelu Europe.<\/p>\n<p>&nbsp;<\/p>\n<p>&nbsp;<\/p>\n<h2><strong>Dan antifa\u0161isti\u010dke borbe<\/strong><\/h2>\n<p>&nbsp;<\/p>\n<p>Dan antifa\u0161isti\u010dke borbe u Hrvatskoj je dr\u017eavni praznik koji se obilje\u017eava u znak sje\u0107anja na 22. lipnja 1941. kad je u \u0161umi Brezovica kod Siska osnovan Prvi sisa\u010dki partizanski odred, ujedno i prva antihitlerovska postrojba u tada\u0161njoj okupiranoj Hrvatskoj i Jugoslaviji.<\/p>\n<p>&nbsp;<\/p>\n<h2><strong>Povijest<\/strong><\/h2>\n<p>&nbsp;<\/p>\n<p>Osnutak sisa\u010dkog odreda ozna\u010dio je po\u010detak organizirane narodnooslobodila\u010dke borbe u Hrvatskoj, u kojoj je aktivno sudjelovalo vi\u0161e od 500.000 hrvatskih gra\u0111ana. U postrojbama Narodnooslobodila\u010dke vojske i partizanskih odreda Jugoslavije (\u010diji je sastavni dio bila i Narodnooslobodila\u010dka vojska i partizanski odredi Hrvatske) borilo se oko 230.000 boraca iz Hrvatske, a na njezinu teritoriju stvorene su 52 brigade, 17 divizija i pet, od ukupno 11, korpusa NOV-a.<\/p>\n<p>Osim Sisa\u010dkog partizanskog odreda, tog dana, 22. lipnja 1941., u okolici Vrgorca, na brdu Radovi\u0107 u predjelu Soline, tako\u0111er je osnovana partizanska grupa, na \u010dijem su \u010delu bili komunisti. Ova grupa je u po\u010detku imala vi\u0161e od 30 boraca, koji su prvih dana vje\u017ebali rukovanje oru\u017ejem, tiskali antifa\u0161isti\u010dke letke i bro\u0161ure. Ubrzo nakon osnutka ove partizanske grupe, u Vrgora\u010dkoj krajini su osnovane jo\u0161 dvije takve grupe.<\/p>\n<p>Dan antifa\u0161isti\u010dke borbe obilje\u017eava se na ovaj dan od stjecanja hrvatske neovisnosti.<\/p>\n<p>&nbsp;<\/p>\n<h2><strong>Po\u010dast hrvatskim antifa\u0161istima<\/strong><\/h2>\n<p>&nbsp;<\/p>\n<p>Sredi\u0161njim obilje\u017eavanjem u Brezovici, na kojem \u0107e sudjelovati dr\u017eavni vrh i predstavnici antifa\u0161isti\u010dkih i drugih udruga, odat \u0107e se po\u010dast hrvatskim antifa\u0161istima koji su u Drugom svjetskom ratu svoje \u017eivote polo\u017eili u borbi za slobodu od nacizma i fa\u0161izma i time Hrvatskoj osigurali mjesto me\u0111u pobjednicima Drugog svjetskog rata.<\/p>\n<p>&nbsp;<\/p>\n<p>&nbsp;<\/p>\n","protected":false},"excerpt":{"rendered":"<p>Dan antifa\u0161isti\u010dke borbe obilje\u017eava se 22. lipnja u znak sje\u0107anja na osnivanje Prvog sisa\u010dkog partizanskog odreda 1941. godine, koji je ujedno bio i prva antifa\u0161isti\u010dka postrojba u ovom dijelu Europe. &nbsp; &nbsp; Dan antifa\u0161isti\u010dke borbe &nbsp; Dan antifa\u0161isti\u010dke borbe u Hrvatskoj je dr\u017eavni praznik koji se obilje\u017eava u znak sje\u0107anja na 22. lipnja 1941. kad [&hellip;]<\/p>\n","protected":false},"author":1,"featured_media":0,"comment_status":"open","ping_status":"open","sticky":false,"template":"","format":"standard","meta":{"_et_pb_use_builder":"","_et_pb_old_content":"","_et_gb_content_width":"","_monsterinsights_skip_tracking":false,"_monsterinsights_sitenote_active":false,"_monsterinsights_sitenote_note":"","_monsterinsights_sitenote_category":0,"footnotes":""},"categories":[9],"tags":[],"class_list":["post-2550","post","type-post","status-publish","format-standard","hentry","category-dogadanja"],"_links":{"self":[{"href":"https:\/\/taxi1717.hr\/nadogradnja\/wp-json\/wp\/v2\/posts\/2550","targetHints":{"allow":["GET"]}}],"collection":[{"href":"https:\/\/taxi1717.hr\/nadogradnja\/wp-json\/wp\/v2\/posts"}],"about":[{"href":"https:\/\/taxi1717.hr\/nadogradnja\/wp-json\/wp\/v2\/types\/post"}],"author":[{"embeddable":true,"href":"https:\/\/taxi1717.hr\/nadogradnja\/wp-json\/wp\/v2\/users\/1"}],"replies":[{"embeddable":true,"href":"https:\/\/taxi1717.hr\/nadogradnja\/wp-json\/wp\/v2\/comments?post=2550"}],"version-history":[{"count":0,"href":"https:\/\/taxi1717.hr\/nadogradnja\/wp-json\/wp\/v2\/posts\/2550\/revisions"}],"wp:attachment":[{"href":"https:\/\/taxi1717.hr\/nadogradnja\/wp-json\/wp\/v2\/media?parent=2550"}],"wp:term":[{"taxonomy":"category","embeddable":true,"href":"https:\/\/taxi1717.hr\/nadogradnja\/wp-json\/wp\/v2\/categories?post=2550"},{"taxonomy":"post_tag","embeddable":true,"href":"https:\/\/taxi1717.hr\/nadogradnja\/wp-json\/wp\/v2\/tags?post=2550"}],"curies":[{"name":"wp","href":"https:\/\/api.w.org\/{rel}","templated":true}]}}