{"id":2485,"date":"2021-04-30T20:19:51","date_gmt":"2021-04-30T20:19:51","guid":{"rendered":"https:\/\/radiotaxizagreb.com\/?p=2485"},"modified":"2021-04-30T20:19:51","modified_gmt":"2021-04-30T20:19:51","slug":"praznik-rada-u-hrvatskoj","status":"publish","type":"post","link":"https:\/\/taxi1717.hr\/nadogradnja\/hr\/2021\/04\/30\/praznik-rada-u-hrvatskoj\/","title":{"rendered":"Praznik rada u Hrvatskoj"},"content":{"rendered":"<p>Ni ove godine za Praznik rada ne\u0107e biti velikih okupljanja i tradicionalnog graha u Maksimiru zbog situacije s koronavirusom.<\/p>\n<p>Ve\u0107 drugu godinu zaredom borimo se s ovom pandemijom \u0161to je samo razlog vi\u0161e da za 1. maj posebnu zahvalnost iska\u017eemo zdravstvenim radnicima i ostalim \u201e\u0161ljakerima\u201c koji su se na\u0161li na prvoj crti obrane u borbi s koronom.<\/p>\n<p><a href=\"https:\/\/taxi1717.hr\/nadogradnja\/wp-content\/uploads\/2021\/04\/praznik-rada-zdravstveno-osoblje.jpeg\"><img loading=\"lazy\" decoding=\"async\" class=\"size-large wp-image-2488 aligncenter\" src=\"https:\/\/taxi1717.hr\/nadogradnja\/wp-content\/uploads\/2021\/04\/praznik-rada-zdravstveno-osoblje-1024x683.jpeg\" alt=\"\" width=\"1024\" height=\"683\" \/><\/a><\/p>\n<p>&nbsp;<\/p>\n<h2><strong>Za\u0161to slavimo Praznik rada? <\/strong><\/h2>\n<p>&nbsp;<\/p>\n<p>Praznik rada, odnosno po\u010deci borbe za prava radnika korijene vuku iz nehumanih uvjeta u kojima su radnici bili prisiljeni \u201ecrn\u010diti\u201c od kraja 18. i tijekom 19. stolje\u0107a.<\/p>\n<p>Izravni povod za obilje\u017eavanje praznika rada bili su radni\u010dki nemiri u Chicagu 1886. kojima su prethodila desetlje\u0107a borbe za bolje radne uvjete.<\/p>\n<p>U to doba \u0161estodnevni radni tjedni s radnim danima od 10 do 16 sati dnevno bili su norma, a dje\u010dji rad bio je uobi\u010dajen. Sredi\u0161nja ideja o boljim uvjetima za radnike bila je iskazana u poruci kojom se pozivalo na <strong>\u201eosam sati rada, osam sati rekreacije, osam sati odmora\u201c<\/strong>.<\/p>\n<p>Tijekom godina, 1. svibnja je polako prerastao u Praznik rada i sve vi\u0161e dr\u017eava ga je po\u010delo obilje\u017eavati, no neke zna\u010dajnije promjene u borbi za radni\u010dka prava dogodile su se tek nakon Prvog svjetskog rata.<\/p>\n<p><strong>\u0160panjolska<\/strong>\u00a0je postala prva dr\u017eava koja je 1919. uvela osmosatni radni dan za sve vrste poslova na teritoriju cijele dr\u017eave, a borba za osmosatni radni dan na\u0161la se me\u0111u osnovama programa\u00a0Me\u0111unarodne organizacije rada.<\/p>\n<p>&nbsp;<\/p>\n<h2><strong>Praznik rada u Hrvatskoj <\/strong><\/h2>\n<p>&nbsp;<\/p>\n<p>U Hrvatskoj se Praznik rada po\u010deo slaviti 1890. godine, a hrvatski radnici su, tako\u0111er, istaknuli zahtjeve u znaku tri osmice.<\/p>\n<p>Zagreba\u010dki su radnici kao uvod u proslavu te godine odr\u017eali niz \u0161trajkova i skupova. U zgradi Hrvatskoga doma, kako su pisale\u00a0Narodne novine, govornici su na velikoj radni\u010dkoj skup\u0161tini pred 1000 radnika nagla\u0161avali: \u201eMi smo za rad, ali ho\u0107emo \u017eivjeti kao ljudi&#8221;.<\/p>\n<p>U slobodnoj i neovisnoj Hrvatskoj prema Zakonu o blag\u00addanima, spomendanima i neradnim danima u Republici Hrvatskoj izglasanom u Saboru u travnju 1996. godine, slu\u017ebeni naziv ovoga praznika bio je <strong>Blagdan rada<\/strong>. Tako je ostalo do 2. studenoga 2001. godine, kada je izmjenama i dopunama spomenutoga Zakona slu\u017ebeni naziv postao <strong>Praznik rada.<\/strong><\/p>\n<p><strong>\u00a0<\/strong><\/p>\n<h2><strong>Praznik rada danas<\/strong><\/h2>\n<p>&nbsp;<\/p>\n<p>Tradicionalna obilje\u017eavanja Praznika rada na koja smo navikli, dovela su do toga da smo zaboravili \u0161to zapravo obilje\u017eavamo taj dan. Dugogodi\u0161nja borba za prava radnika pala je u drugi plan pored besplatnih porcija graha koje su se dijelile taj dan.<\/p>\n<p>Ova pandemija nas je mo\u017eda uspjela natjerati da shvatimo va\u017enost uloge koju u dru\u0161tvu imaju dostavlja\u010di, voza\u010di, trgovci, medicinske sestre i ostali \u010desto zaboravljeni \u201e\u0161ljakeri\u201c, te da im je potrebno iskazati zahvalnost i priznanje za njihov trud i rad.<\/p>\n<p>&nbsp;<\/p>\n<p><strong>Sretan Praznik rada \u017eeli vam TAXI 1717!<\/strong><\/p>\n","protected":false},"excerpt":{"rendered":"<p>Ni ove godine za Praznik rada ne\u0107e biti velikih okupljanja i tradicionalnog graha u Maksimiru zbog situacije s koronavirusom. Ve\u0107 drugu godinu zaredom borimo se s ovom pandemijom \u0161to je samo razlog vi\u0161e da za 1. maj posebnu zahvalnost iska\u017eemo zdravstvenim radnicima i ostalim \u201e\u0161ljakerima\u201c koji su se na\u0161li na prvoj crti obrane u borbi [&hellip;]<\/p>\n","protected":false},"author":1,"featured_media":2487,"comment_status":"open","ping_status":"open","sticky":false,"template":"","format":"standard","meta":{"_et_pb_use_builder":"","_et_pb_old_content":"","_et_gb_content_width":"","_monsterinsights_skip_tracking":false,"_monsterinsights_sitenote_active":false,"_monsterinsights_sitenote_note":"","_monsterinsights_sitenote_category":0,"footnotes":""},"categories":[9],"tags":[],"class_list":["post-2485","post","type-post","status-publish","format-standard","has-post-thumbnail","hentry","category-dogadanja"],"_links":{"self":[{"href":"https:\/\/taxi1717.hr\/nadogradnja\/wp-json\/wp\/v2\/posts\/2485","targetHints":{"allow":["GET"]}}],"collection":[{"href":"https:\/\/taxi1717.hr\/nadogradnja\/wp-json\/wp\/v2\/posts"}],"about":[{"href":"https:\/\/taxi1717.hr\/nadogradnja\/wp-json\/wp\/v2\/types\/post"}],"author":[{"embeddable":true,"href":"https:\/\/taxi1717.hr\/nadogradnja\/wp-json\/wp\/v2\/users\/1"}],"replies":[{"embeddable":true,"href":"https:\/\/taxi1717.hr\/nadogradnja\/wp-json\/wp\/v2\/comments?post=2485"}],"version-history":[{"count":0,"href":"https:\/\/taxi1717.hr\/nadogradnja\/wp-json\/wp\/v2\/posts\/2485\/revisions"}],"wp:featuredmedia":[{"embeddable":true,"href":"https:\/\/taxi1717.hr\/nadogradnja\/wp-json\/"}],"wp:attachment":[{"href":"https:\/\/taxi1717.hr\/nadogradnja\/wp-json\/wp\/v2\/media?parent=2485"}],"wp:term":[{"taxonomy":"category","embeddable":true,"href":"https:\/\/taxi1717.hr\/nadogradnja\/wp-json\/wp\/v2\/categories?post=2485"},{"taxonomy":"post_tag","embeddable":true,"href":"https:\/\/taxi1717.hr\/nadogradnja\/wp-json\/wp\/v2\/tags?post=2485"}],"curies":[{"name":"wp","href":"https:\/\/api.w.org\/{rel}","templated":true}]}}