{"id":1596,"date":"2019-11-26T20:16:15","date_gmt":"2019-11-26T20:16:15","guid":{"rendered":"https:\/\/radiotaxizagreb.com\/?p=1596"},"modified":"2019-11-26T20:16:15","modified_gmt":"2019-11-26T20:16:15","slug":"advent-u-zagrebu-2","status":"publish","type":"post","link":"https:\/\/taxi1717.hr\/nadogradnja\/hr\/2019\/11\/26\/advent-u-zagrebu-2\/","title":{"rendered":"Advent u Zagrebu"},"content":{"rendered":"<p>Sti\u017ee nam najljep\u0161e doba godine \u2013 Advent (odnosno vrijeme kuhanog vina\ud83d\ude0a), a Zagreb i ove godine nudi pregr\u0161t sadr\u017eaja i pravu bo\u017ei\u0107nu \u010daroliju za sve posjetitelje.<\/p>\n<p>&nbsp;<\/p>\n<p>&nbsp;<\/p>\n<h2><strong>Advent u Zagrebu<\/strong><\/h2>\n<p>Advent u Zagrebu tradicionalna je blagdanska manifestacija koja se odr\u017eava na vi\u0161e lokacija u sredi\u0161tu Zagreba i nudi bogat kulturno \u2013 umjetni\u010dki program. Advent ove godine <strong>po\u010dinje 30. studenog 2019. i traje do 7. sije\u010dnja 2020. godine<\/strong>.<\/p>\n<p>Zagreb se ve\u0107 godinama nalazi me\u0111u top destinacijama za bo\u017ei\u0107ne blagdane, a \u010dak 3 puta za redom je, prema izboru glasa\u010da portala \u201eEuropean Best Destinations\u201c, progla\u0161en najboljom destinacijom u Europi (2015., 2016. i 2017.).<\/p>\n<p>Iz Turisti\u010dke zajednice grada Zagreba najavljuju kako \u0107e Advent ove godine biti najljep\u0161i do sada.<\/p>\n<p>&nbsp;<\/p>\n<p>Priredba i ove godine po\u010dinje paljenjem prve adventske svije\u0107e na Mandu\u0161evcu, te programima otvorenja na Zrinjevcu i Tomislavovom trgu.<\/p>\n<p>Tradicionalno paljenje lampica na Zrinjevcu odr\u017eat \u0107e se u subotu 30. studenog u 19:45 sati, a istog dana u 18 sati na Tomislavcu otvara se najve\u0107e klizali\u0161te na otvorenom u ovom dijelu Europe.<\/p>\n<p>Na platou Gradec tako\u0111er je postavljeno tisu\u0107e lampica u obliku svjetlosne instalacije kako bi posjetitelji mogli stvoriti najljep\u0161e bo\u017ei\u0107ne fotografije s pogledom na Zagreba\u010dku katedralu.<\/p>\n<p>I ove godine Advent se odvija na vi\u0161e lokacija: Europskom trgu, kod HNK, u kinu Tu\u0161kanac, Oktogonu, na Trgu bana Jela\u010di\u0107a, gornjogradskom Strossmayerovom \u0161etali\u0161tu, u Maksimiru i ZOO, te drugim lokacijama.<\/p>\n<p>Detaljan program i kalendar ovogodi\u0161njeg Adventa potra\u017eite <a href=\"https:\/\/www.adventzagreb.hr\/\">ovdje<\/a>.<\/p>\n<p>&nbsp;<\/p>\n<p>&nbsp;<\/p>\n<h2><strong>Teme ovogodi\u0161njeg Adventa<\/strong><\/h2>\n<p>Advent ove godine ima tri glavne teme, od kojih su dvije <strong>ekologija i odr\u017eivost<\/strong>, te <strong>pristupa\u010dnost za osobe s invaliditetom<\/strong>. U skladu s tim, ve\u0107ina ugostitelja \u0107e umjesto plastike koristiti papirnate \u010da\u0161e, tanjure i sli\u010dno, a bit \u0107e postavljene i posebne premosnice za lak\u0161e kretanje osoba s invaliditetom.<\/p>\n<p>&nbsp;<\/p>\n<h3><strong>\u0160to je Bo\u017ei\u0107 bez Ora\u0161ara?!<\/strong><\/h3>\n<p>Jo\u0161 jedna od ovogodi\u0161njih tema Adventa je <strong>Ora\u0161ar i ba\u0161tina<\/strong>, te \u0107e u sklopu toga po cijelom gradu biti postavljene manje i ve\u0107e skulpture Ora\u0161ara koje izra\u0111uje Petar Banda.<\/p>\n<p><a href=\"https:\/\/taxi1717.hr\/nadogradnja\/wp-content\/uploads\/2019\/11\/pexels-photo-1697234.jpeg\"><img loading=\"lazy\" decoding=\"async\" class=\"aligncenter wp-image-1599 size-large\" src=\"https:\/\/taxi1717.hr\/nadogradnja\/wp-content\/uploads\/2019\/11\/pexels-photo-1697234-1024x683.jpeg\" alt=\"\" width=\"1024\" height=\"683\" \/><\/a><\/p>\n<p>&nbsp;<\/p>\n<h4><strong>Povijest Ora\u0161ara<\/strong><\/h4>\n<p><strong>Figura ora\u0161ara<\/strong>, poznata i kao\u00a0<strong>bo\u017ei\u0107ni\u00a0ora\u0161ar<\/strong>, dekorativna je ina\u010dica\u00a0drobila za orahe\u00a0koja se naj\u010de\u0161\u0107e izra\u0111uje u obliku koji podsje\u0107a na\u00a0igra\u010dku vojnika.<\/p>\n<p>Figure ora\u0161ara potje\u010du iz kasnog 17. stolje\u0107a, a nastale su u Njema\u010dkoj. Figure su kroz povijest \u010desto bile predmet darivanja, te su se u nekom trenutku po\u010dele povezivati s\u00a0Bo\u017ei\u0107em. Postale su popularne u 19. stolje\u0107u kada su se po\u010dele \u0161iriti u obli\u017enje europske zemlje.<\/p>\n<p>Dekorativne figure ora\u0161ara po\u010dele su se \u0161iriti i izvan Europe nakon Drugog svjetskog rata, a daljnja popularizacija ora\u0161ara dolazi od baleta Ora\u0161ar kojeg je skladao Petar Ilji\u010d \u010cajkovski kao adaptacija pri\u010de Ora\u0161ar i kralj mi\u0161eva koju je napisao E. T. A. Hoffmann.<\/p>\n<p>Balet\u00a0<em>Ora\u0161ar<\/em>\u00a0se sredinom 20. stolje\u0107a po\u010deo izvoditi u Sjedinjenim Ameri\u010dkim Dr\u017eavama gdje je postao najgledanija izvedba u vrijeme bo\u017ei\u0107nih praznika.<\/p>\n<p>&nbsp;<\/p>\n<p><em><strong>I zato, do\u0111ite i u\u017eivajte u bo\u017ei\u0107noj \u010daroliji, popijte kuhano vino, pojedite kobasicu i fritule i zaboravite na sve brige.<\/strong><\/em><\/p>\n<p>&nbsp;<\/p>\n<p><a href=\"https:\/\/taxi1717.hr\/nadogradnja\/hr\/\">Va\u0161 TAXI 1717<\/a><\/p>\n","protected":false},"excerpt":{"rendered":"<p>Sti\u017ee nam najljep\u0161e doba godine \u2013 Advent (odnosno vrijeme kuhanog vina\ud83d\ude0a), a Zagreb i ove godine nudi pregr\u0161t sadr\u017eaja i pravu bo\u017ei\u0107nu \u010daroliju za sve posjetitelje. &nbsp; &nbsp; Advent u Zagrebu Advent u Zagrebu tradicionalna je blagdanska manifestacija koja se odr\u017eava na vi\u0161e lokacija u sredi\u0161tu Zagreba i nudi bogat kulturno \u2013 umjetni\u010dki program. Advent [&hellip;]<\/p>\n","protected":false},"author":1,"featured_media":2247,"comment_status":"open","ping_status":"open","sticky":false,"template":"","format":"standard","meta":{"_et_pb_use_builder":"","_et_pb_old_content":"","_et_gb_content_width":"","_monsterinsights_skip_tracking":false,"_monsterinsights_sitenote_active":false,"_monsterinsights_sitenote_note":"","_monsterinsights_sitenote_category":0,"footnotes":""},"categories":[9],"tags":[],"class_list":["post-1596","post","type-post","status-publish","format-standard","has-post-thumbnail","hentry","category-dogadanja"],"_links":{"self":[{"href":"https:\/\/taxi1717.hr\/nadogradnja\/wp-json\/wp\/v2\/posts\/1596","targetHints":{"allow":["GET"]}}],"collection":[{"href":"https:\/\/taxi1717.hr\/nadogradnja\/wp-json\/wp\/v2\/posts"}],"about":[{"href":"https:\/\/taxi1717.hr\/nadogradnja\/wp-json\/wp\/v2\/types\/post"}],"author":[{"embeddable":true,"href":"https:\/\/taxi1717.hr\/nadogradnja\/wp-json\/wp\/v2\/users\/1"}],"replies":[{"embeddable":true,"href":"https:\/\/taxi1717.hr\/nadogradnja\/wp-json\/wp\/v2\/comments?post=1596"}],"version-history":[{"count":0,"href":"https:\/\/taxi1717.hr\/nadogradnja\/wp-json\/wp\/v2\/posts\/1596\/revisions"}],"wp:featuredmedia":[{"embeddable":true,"href":"https:\/\/taxi1717.hr\/nadogradnja\/wp-json\/"}],"wp:attachment":[{"href":"https:\/\/taxi1717.hr\/nadogradnja\/wp-json\/wp\/v2\/media?parent=1596"}],"wp:term":[{"taxonomy":"category","embeddable":true,"href":"https:\/\/taxi1717.hr\/nadogradnja\/wp-json\/wp\/v2\/categories?post=1596"},{"taxonomy":"post_tag","embeddable":true,"href":"https:\/\/taxi1717.hr\/nadogradnja\/wp-json\/wp\/v2\/tags?post=1596"}],"curies":[{"name":"wp","href":"https:\/\/api.w.org\/{rel}","templated":true}]}}